{"id":520,"date":"2019-01-15T22:43:43","date_gmt":"2019-01-15T21:43:43","guid":{"rendered":"https:\/\/from-the-fahr-side.ch\/?p=520"},"modified":"2019-01-15T22:44:26","modified_gmt":"2019-01-15T21:44:26","slug":"lunchbrot-mit-granatapfel","status":"publish","type":"post","link":"https:\/\/from-the-fahr-side.ch\/index.php\/2019\/01\/15\/lunchbrot-mit-granatapfel\/","title":{"rendered":"Lunchbrot mit Granatapfel"},"content":{"rendered":"\n<p>Auf s\u00fcdlichen M\u00e4rkten erh\u00e4lt man im Herbst oft s\u00fcsse und reife Granat\u00e4pfel. Im Nu ist damit ein leckeres Lunchbrot fabriziert.<\/p>\n\n\n\n<p><strong>f\u00fcr 2 Personen<\/strong><br>Brot, Philadelphia cream cheese oder \u00c4hnliches, \u00bd Granatapfel <br><em>(die andere H\u00e4lfte, in Folie gepackt, h\u00e4lt sich im K\u00fchlschrank einige Tage)<\/em><br><\/p>\n\n\n\n<figure class=\"wp-block-image\"><img loading=\"lazy\" decoding=\"async\" width=\"1024\" height=\"768\" src=\"https:\/\/from-the-fahr-side.ch\/wp-content\/uploads\/2019\/01\/Granatapfelbrot-1024x768.jpg\" alt=\"\" class=\"wp-image-521\" srcset=\"https:\/\/from-the-fahr-side.ch\/wp-content\/uploads\/2019\/01\/Granatapfelbrot.jpg 1024w, https:\/\/from-the-fahr-side.ch\/wp-content\/uploads\/2019\/01\/Granatapfelbrot-300x225.jpg 300w, https:\/\/from-the-fahr-side.ch\/wp-content\/uploads\/2019\/01\/Granatapfelbrot-768x576.jpg 768w\" sizes=\"auto, (max-width: 1024px) 100vw, 1024px\" \/><\/figure>\n\n\n\n<p><\/p>\n","protected":false},"excerpt":{"rendered":"<p>Auf s\u00fcdlichen M\u00e4rkten erh\u00e4lt man im Herbst oft s\u00fcsse und reife Granat\u00e4pfel. Im Nu ist damit ein leckeres Lunchbrot fabriziert. f\u00fcr 2 PersonenBrot, Philadelphia cream&hellip;<\/p>\n<p><a class=\"more-link\" href=\"https:\/\/from-the-fahr-side.ch\/index.php\/2019\/01\/15\/lunchbrot-mit-granatapfel\/\">Read More<\/a><\/p>\n","protected":false},"author":1,"featured_media":0,"comment_status":"open","ping_status":"open","sticky":false,"template":"","format":"standard","meta":{"footnotes":""},"categories":[8],"tags":[],"class_list":["post-520","post","type-post","status-publish","format-standard","hentry","category-kulinarische"],"_links":{"self":[{"href":"https:\/\/from-the-fahr-side.ch\/index.php\/wp-json\/wp\/v2\/posts\/520","targetHints":{"allow":["GET"]}}],"collection":[{"href":"https:\/\/from-the-fahr-side.ch\/index.php\/wp-json\/wp\/v2\/posts"}],"about":[{"href":"https:\/\/from-the-fahr-side.ch\/index.php\/wp-json\/wp\/v2\/types\/post"}],"author":[{"embeddable":true,"href":"https:\/\/from-the-fahr-side.ch\/index.php\/wp-json\/wp\/v2\/users\/1"}],"replies":[{"embeddable":true,"href":"https:\/\/from-the-fahr-side.ch\/index.php\/wp-json\/wp\/v2\/comments?post=520"}],"version-history":[{"count":2,"href":"https:\/\/from-the-fahr-side.ch\/index.php\/wp-json\/wp\/v2\/posts\/520\/revisions"}],"predecessor-version":[{"id":524,"href":"https:\/\/from-the-fahr-side.ch\/index.php\/wp-json\/wp\/v2\/posts\/520\/revisions\/524"}],"wp:attachment":[{"href":"https:\/\/from-the-fahr-side.ch\/index.php\/wp-json\/wp\/v2\/media?parent=520"}],"wp:term":[{"taxonomy":"category","embeddable":true,"href":"https:\/\/from-the-fahr-side.ch\/index.php\/wp-json\/wp\/v2\/categories?post=520"},{"taxonomy":"post_tag","embeddable":true,"href":"https:\/\/from-the-fahr-side.ch\/index.php\/wp-json\/wp\/v2\/tags?post=520"}],"curies":[{"name":"wp","href":"https:\/\/api.w.org\/{rel}","templated":true}]}}