{"id":91,"date":"2018-12-26T18:01:28","date_gmt":"2018-12-26T18:01:28","guid":{"rendered":"http:\/\/192.168.1.224\/wordpress\/?p=91"},"modified":"2020-06-24T00:16:49","modified_gmt":"2020-06-23T23:16:49","slug":"portugal","status":"publish","type":"post","link":"https:\/\/from-the-fahr-side.ch\/index.php\/2018\/12\/26\/portugal\/","title":{"rendered":"Portugal"},"content":{"rendered":"<p>Wir reisen \u00fcber einen kleinen Grenzposten am Stausee da Bamposta nach Portugal ein und sichten zum ersten mal den &nbsp;sch\u00f6nen gr\u00fcn-blauen Douro, der sich durch das Tal windet. Die Strasse f\u00fchrt uns weit ab vom Fluss durch&#8217;s Landesinnere. Erst in Pinhao treffen wir erneut den Douro, an dessen steilen Ufern die Reben f\u00fcr den Porto wachsen. Damit die Rebenterrassen besser halten sind sie mit Olivenb\u00e4umen umrandet. Per Schiff gelangen die Weinf\u00e4sser nach Porto zur Lagerung und Fertigstellung des Portweins. Im mit Azulejos geschm\u00fcckten Bahnhof wird abends eine Portweindegustation angeboten.<\/p>\n<div id=\"envira-gallery-wrap-211\" class=\"envira-gallery-wrap envira-gallery-theme-base envira-lightbox-theme-base\" itemscope itemtype=\"https:\/\/schema.org\/ImageGallery\"><div style=\"opacity: 0.0\"  data-row-height=\"200\" data-gallery-theme=\"normal\" id=\"envira-gallery-211\" class=\"envira-gallery-public envira-gallery-justified-public envira-gallery-0-columns envira-clear enviratope envira-gallery-css-animations\" data-envira-columns=\"0\"><div id=\"envira-gallery-item-212\" class=\"envira-gallery-item enviratope-item envira-gallery-item-1\" style=\"padding-left: 5px; padding-bottom: 10px; padding-right: 5px;\"  itemscope itemtype=\"https:\/\/schema.org\/ImageObject\"><div class=\"envira-gallery-item-inner\"><div class=\"envira-gallery-position-overlay  envira-gallery-top-left\"><\/div><div class=\"envira-gallery-position-overlay  envira-gallery-top-right\"><\/div><div class=\"envira-gallery-position-overlay  envira-gallery-bottom-left\"><\/div><div class=\"envira-gallery-position-overlay  envira-gallery-bottom-right\"><\/div><a href=\"https:\/\/from-the-fahr-side.ch\/wp-content\/uploads\/2018\/12\/PA280154.jpg\" class=\"envira-gallery-211 envira-gallery-link\" rel=\"enviragallery211\" title=\"Dourotal\" data-envira-caption=\"Dourotal\" data-envira-retina=\"\" data-thumbnail=\"\"  itemprop=\"contentUrl\"><img decoding=\"async\" id=\"envira-gallery-image-212\" class=\"envira-gallery-image envira-gallery-image-1 envira-normal \" data-envira-index=\"1\" src=\"https:\/\/from-the-fahr-side.ch\/wp-content\/uploads\/2018\/12\/PA280154-1024x768-640x480.jpg\" data-envira-src=\"https:\/\/from-the-fahr-side.ch\/wp-content\/uploads\/2018\/12\/PA280154-1024x768-640x480.jpg\" data-envira-gallery-id=\"211\" data-envira-item-id=\"212\" data-envira-caption=\"Dourotal\" alt=\"\" title=\"Dourotal\"  itemprop=\"thumbnailUrl\" data-envira-srcset=\"https:\/\/from-the-fahr-side.ch\/wp-content\/uploads\/2018\/12\/PA280154-1024x768-640x480.jpg 400w,https:\/\/from-the-fahr-side.ch\/wp-content\/uploads\/2018\/12\/PA280154-1024x768-640x480.jpg 2x\" data-envira-width=\"300\" data-envira-height=\"225\" srcset=\"https:\/\/from-the-fahr-side.ch\/wp-content\/uploads\/2018\/12\/PA280154-1280x960.jpg 2x\" data-safe-src=\"https:\/\/from-the-fahr-side.ch\/wp-content\/uploads\/2018\/12\/PA280154-1024x768-640x480.jpg\" \/><\/a><\/div><\/div><div id=\"envira-gallery-item-213\" class=\"envira-gallery-item enviratope-item envira-gallery-item-2\" style=\"padding-left: 5px; padding-bottom: 10px; padding-right: 5px;\"  itemscope itemtype=\"https:\/\/schema.org\/ImageObject\"><div class=\"envira-gallery-item-inner\"><div class=\"envira-gallery-position-overlay  envira-gallery-top-left\"><\/div><div class=\"envira-gallery-position-overlay  envira-gallery-top-right\"><\/div><div class=\"envira-gallery-position-overlay  envira-gallery-bottom-left\"><\/div><div class=\"envira-gallery-position-overlay  envira-gallery-bottom-right\"><\/div><a href=\"https:\/\/from-the-fahr-side.ch\/wp-content\/uploads\/2018\/12\/PA280159.jpg\" class=\"envira-gallery-211 envira-gallery-link\" rel=\"enviragallery211\" title=\"Douro\" data-envira-caption=\"Douro\" data-envira-retina=\"\" data-thumbnail=\"\"  itemprop=\"contentUrl\"><img decoding=\"async\" id=\"envira-gallery-image-213\" class=\"envira-gallery-image envira-gallery-image-2 envira-normal \" data-envira-index=\"2\" src=\"https:\/\/from-the-fahr-side.ch\/wp-content\/uploads\/2018\/12\/PA280159-1024x768-640x480.jpg\" data-envira-src=\"https:\/\/from-the-fahr-side.ch\/wp-content\/uploads\/2018\/12\/PA280159-1024x768-640x480.jpg\" data-envira-gallery-id=\"211\" data-envira-item-id=\"213\" data-envira-caption=\"Douro\" alt=\"\" title=\"Douro\"  itemprop=\"thumbnailUrl\" data-envira-srcset=\"https:\/\/from-the-fahr-side.ch\/wp-content\/uploads\/2018\/12\/PA280159-1024x768-640x480.jpg 400w,https:\/\/from-the-fahr-side.ch\/wp-content\/uploads\/2018\/12\/PA280159-1024x768-640x480.jpg 2x\" data-envira-width=\"300\" data-envira-height=\"225\" srcset=\"https:\/\/from-the-fahr-side.ch\/wp-content\/uploads\/2018\/12\/PA280159-1280x960.jpg 2x\" data-safe-src=\"https:\/\/from-the-fahr-side.ch\/wp-content\/uploads\/2018\/12\/PA280159-1024x768-640x480.jpg\" \/><\/a><\/div><\/div><div id=\"envira-gallery-item-235\" class=\"envira-gallery-item enviratope-item envira-gallery-item-3\" style=\"padding-left: 5px; padding-bottom: 10px; padding-right: 5px;\"  itemscope itemtype=\"https:\/\/schema.org\/ImageObject\"><div class=\"envira-gallery-item-inner\"><div class=\"envira-gallery-position-overlay  envira-gallery-top-left\"><\/div><div class=\"envira-gallery-position-overlay  envira-gallery-top-right\"><\/div><div class=\"envira-gallery-position-overlay  envira-gallery-bottom-left\"><\/div><div class=\"envira-gallery-position-overlay  envira-gallery-bottom-right\"><\/div><a href=\"https:\/\/from-the-fahr-side.ch\/wp-content\/uploads\/2018\/12\/Douro-mit-Br\u00fccke-von-Pinhao.jpg\" class=\"envira-gallery-211 envira-gallery-link\" rel=\"enviragallery211\" title=\"Douro mit Br\u00fccke von Pinhao\" data-envira-caption=\"Douro mit Br\u00fccke von Pinhao\" data-envira-retina=\"\" data-thumbnail=\"\"  itemprop=\"contentUrl\"><img decoding=\"async\" id=\"envira-gallery-image-235\" class=\"envira-gallery-image envira-gallery-image-3 envira-normal \" data-envira-index=\"3\" src=\"https:\/\/from-the-fahr-side.ch\/wp-content\/uploads\/2018\/12\/Douro-mit-Br\u00fccke-von-Pinhao-1024x768-640x480.jpg\" data-envira-src=\"https:\/\/from-the-fahr-side.ch\/wp-content\/uploads\/2018\/12\/Douro-mit-Br\u00fccke-von-Pinhao-1024x768-640x480.jpg\" data-envira-gallery-id=\"211\" data-envira-item-id=\"235\" data-envira-caption=\"Douro mit Br\u00fccke von Pinhao\" alt=\"\" title=\"Douro mit Br\u00fccke von Pinhao\"  itemprop=\"thumbnailUrl\" data-envira-srcset=\"https:\/\/from-the-fahr-side.ch\/wp-content\/uploads\/2018\/12\/Douro-mit-Br\u00fccke-von-Pinhao-1024x768-640x480.jpg 400w,https:\/\/from-the-fahr-side.ch\/wp-content\/uploads\/2018\/12\/Douro-mit-Br\u00fccke-von-Pinhao-1024x768-640x480.jpg 2x\" data-envira-width=\"300\" data-envira-height=\"225\" srcset=\"https:\/\/from-the-fahr-side.ch\/wp-content\/uploads\/2018\/12\/Douro-mit-Br\u00fccke-von-Pinhao-1280x960.jpg 2x\" data-safe-src=\"https:\/\/from-the-fahr-side.ch\/wp-content\/uploads\/2018\/12\/Douro-mit-Br\u00fccke-von-Pinhao-1024x768-640x480.jpg\" \/><\/a><\/div><\/div><div id=\"envira-gallery-item-236\" class=\"envira-gallery-item enviratope-item envira-gallery-item-4\" style=\"padding-left: 5px; padding-bottom: 10px; padding-right: 5px;\"  itemscope itemtype=\"https:\/\/schema.org\/ImageObject\"><div class=\"envira-gallery-item-inner\"><div class=\"envira-gallery-position-overlay  envira-gallery-top-left\"><\/div><div class=\"envira-gallery-position-overlay  envira-gallery-top-right\"><\/div><div class=\"envira-gallery-position-overlay  envira-gallery-bottom-left\"><\/div><div class=\"envira-gallery-position-overlay  envira-gallery-bottom-right\"><\/div><a href=\"https:\/\/from-the-fahr-side.ch\/wp-content\/uploads\/2018\/12\/Kacheln-am-Bahnhof.jpg\" class=\"envira-gallery-211 envira-gallery-link\" rel=\"enviragallery211\" title=\"Kacheln am Bahnhof\" data-envira-caption=\"Kacheln am Bahnhof\" data-envira-retina=\"\" data-thumbnail=\"\"  itemprop=\"contentUrl\"><img decoding=\"async\" id=\"envira-gallery-image-236\" class=\"envira-gallery-image envira-gallery-image-4 envira-normal \" data-envira-index=\"4\" src=\"https:\/\/from-the-fahr-side.ch\/wp-content\/uploads\/2018\/12\/Kacheln-am-Bahnhof-1024x768-640x480.jpg\" data-envira-src=\"https:\/\/from-the-fahr-side.ch\/wp-content\/uploads\/2018\/12\/Kacheln-am-Bahnhof-1024x768-640x480.jpg\" data-envira-gallery-id=\"211\" data-envira-item-id=\"236\" data-envira-caption=\"Kacheln am Bahnhof\" alt=\"\" title=\"Kacheln am Bahnhof\"  itemprop=\"thumbnailUrl\" data-envira-srcset=\"https:\/\/from-the-fahr-side.ch\/wp-content\/uploads\/2018\/12\/Kacheln-am-Bahnhof-1024x768-640x480.jpg 400w,https:\/\/from-the-fahr-side.ch\/wp-content\/uploads\/2018\/12\/Kacheln-am-Bahnhof-1024x768-640x480.jpg 2x\" data-envira-width=\"300\" data-envira-height=\"225\" srcset=\"https:\/\/from-the-fahr-side.ch\/wp-content\/uploads\/2018\/12\/Kacheln-am-Bahnhof-1280x960.jpg 2x\" data-safe-src=\"https:\/\/from-the-fahr-side.ch\/wp-content\/uploads\/2018\/12\/Kacheln-am-Bahnhof-1024x768-640x480.jpg\" \/><\/a><\/div><\/div><\/div><\/div><noscript><img decoding=\"async\" src=\"https:\/\/from-the-fahr-side.ch\/wp-content\/uploads\/2018\/12\/PA280154.jpg\" alt=\"\" \/><img decoding=\"async\" src=\"https:\/\/from-the-fahr-side.ch\/wp-content\/uploads\/2018\/12\/PA280159.jpg\" alt=\"\" \/><img decoding=\"async\" src=\"https:\/\/from-the-fahr-side.ch\/wp-content\/uploads\/2018\/12\/Douro-mit-Br\u00fccke-von-Pinhao.jpg\" alt=\"\" \/><img decoding=\"async\" src=\"https:\/\/from-the-fahr-side.ch\/wp-content\/uploads\/2018\/12\/Kacheln-am-Bahnhof.jpg\" alt=\"\" \/><\/noscript>\n\n\n<p>N\u00f6rdlich von Lissabon fegte im Oktober der Sturm Leslie \u00fcber das Land und richtete enorme Sch\u00e4den an. Die abgedeckten H\u00e4user und gebrochenen Masten waren gr\u00f6sstenteils geflickt bis wir da waren, aber die Verw\u00fcstung der Pinienw\u00e4lder wird noch lange sichtbar bleiben. Hunderttausende B\u00e4ume sind geknickt. Kaum haben wir die Folgen dieser Naturgewalt durchfahren, bietet sich ein anderes schreckliches Bild. Riesige Waldabschnitte sind durch die Br\u00e4nde 2016 und 2017 zerst\u00f6rt worden.<br>Wir sind traurig und empfinden es als sehr ungerecht, dass ein so armes Land, das k\u00e4mpft um die Lebensgrundlage der Bev\u00f6lkerung zu verbessern, zus\u00e4tzlich durch solche Katastrophen geschw\u00e4cht wird. Wir fahren weiter und w\u00e4hlen einen einsamen Strandplatz.<br><\/p>\n\n\n\n<div class=\"wp-block-envira-envira-gallery\"><div id=\"envira-gallery-wrap-291\" class=\"envira-gallery-wrap envira-gallery-theme-base envira-lightbox-theme-base_dark\" itemscope itemtype=\"https:\/\/schema.org\/ImageGallery\"><div style=\"opacity: 0.0\"  data-row-height=\"150\" data-gallery-theme=\"normal\" id=\"envira-gallery-291\" class=\"envira-gallery-public envira-gallery-justified-public envira-gallery-0-columns envira-clear enviratope envira-gallery-css-animations\" data-envira-columns=\"0\"><div id=\"envira-gallery-item-292\" class=\"envira-gallery-item enviratope-item envira-gallery-item-1 envira-lazy-load\" style=\"padding-left: 1px; padding-bottom: 1px; padding-right: 1px;\"  itemscope itemtype=\"https:\/\/schema.org\/ImageObject\"><div class=\"envira-gallery-item-inner\"><div class=\"envira-gallery-position-overlay  envira-gallery-top-left\"><\/div><div class=\"envira-gallery-position-overlay  envira-gallery-top-right\"><\/div><div class=\"envira-gallery-position-overlay  envira-gallery-bottom-left\"><\/div><div class=\"envira-gallery-position-overlay  envira-gallery-bottom-right\"><\/div><a href=\"https:\/\/from-the-fahr-side.ch\/wp-content\/uploads\/2019\/01\/Sturmfolgen.jpg\" class=\"envira-gallery-291 envira-gallery-link\" rel=\"enviragallery291\" title=\"Sturmfolgen\" data-envira-caption=\"Sturmfolgen\" data-envira-retina=\"\" data-thumbnail=\"\"  itemprop=\"contentUrl\"><img decoding=\"async\" id=\"envira-gallery-image-292\" class=\"envira-gallery-image envira-gallery-image-1 envira-normal envira-lazy\" data-envira-index=\"1\" src=\"https:\/\/from-the-fahr-side.ch\/wp-content\/uploads\/2019\/01\/Sturmfolgen-640x480.jpg\" data-envira-src=\"https:\/\/from-the-fahr-side.ch\/wp-content\/uploads\/2019\/01\/Sturmfolgen-640x480.jpg\" data-envira-gallery-id=\"291\" data-envira-item-id=\"292\" data-envira-caption=\"Sturmfolgen\" alt=\"\" title=\"Sturmfolgen\"  itemprop=\"thumbnailUrl\" data-envira-srcset=\"https:\/\/from-the-fahr-side.ch\/wp-content\/uploads\/2019\/01\/Sturmfolgen-640x480.jpg 400w,https:\/\/from-the-fahr-side.ch\/wp-content\/uploads\/2019\/01\/Sturmfolgen-640x480.jpg 2x\" data-envira-width=\"300\" data-envira-height=\"225\" srcset=\"data:image\/gif;base64,R0lGODlhAQABAIAAAP\/\/\/\/\/\/\/yH5BAEKAAEALAAAAAABAAEAAAICTAEAOw==\" data-safe-src=\"data:image\/gif;base64,R0lGODlhAQABAIAAAP\/\/\/\/\/\/\/yH5BAEKAAEALAAAAAABAAEAAAICTAEAOw==\" \/><\/a><\/div><\/div><div id=\"envira-gallery-item-293\" class=\"envira-gallery-item enviratope-item envira-gallery-item-2 envira-lazy-load\" style=\"padding-left: 1px; padding-bottom: 1px; padding-right: 1px;\"  itemscope itemtype=\"https:\/\/schema.org\/ImageObject\"><div class=\"envira-gallery-item-inner\"><div class=\"envira-gallery-position-overlay  envira-gallery-top-left\"><\/div><div class=\"envira-gallery-position-overlay  envira-gallery-top-right\"><\/div><div class=\"envira-gallery-position-overlay  envira-gallery-bottom-left\"><\/div><div class=\"envira-gallery-position-overlay  envira-gallery-bottom-right\"><\/div><a href=\"https:\/\/from-the-fahr-side.ch\/wp-content\/uploads\/2019\/01\/abgebrannter-Wald.jpg\" class=\"envira-gallery-291 envira-gallery-link\" rel=\"enviragallery291\" title=\"abgebrannter Wald\" data-envira-caption=\"abgebrannter Wald\" data-envira-retina=\"\" data-thumbnail=\"\"  itemprop=\"contentUrl\"><img decoding=\"async\" id=\"envira-gallery-image-293\" class=\"envira-gallery-image envira-gallery-image-2 envira-normal envira-lazy\" data-envira-index=\"2\" src=\"https:\/\/from-the-fahr-side.ch\/wp-content\/uploads\/2019\/01\/abgebrannter-Wald-1024x768-640x480.jpg\" data-envira-src=\"https:\/\/from-the-fahr-side.ch\/wp-content\/uploads\/2019\/01\/abgebrannter-Wald-1024x768-640x480.jpg\" data-envira-gallery-id=\"291\" data-envira-item-id=\"293\" data-envira-caption=\"abgebrannter Wald\" alt=\"\" title=\"abgebrannter Wald\"  itemprop=\"thumbnailUrl\" data-envira-srcset=\"https:\/\/from-the-fahr-side.ch\/wp-content\/uploads\/2019\/01\/abgebrannter-Wald-1024x768-640x480.jpg 400w,https:\/\/from-the-fahr-side.ch\/wp-content\/uploads\/2019\/01\/abgebrannter-Wald-1024x768-640x480.jpg 2x\" data-envira-width=\"300\" data-envira-height=\"225\" srcset=\"data:image\/gif;base64,R0lGODlhAQABAIAAAP\/\/\/\/\/\/\/yH5BAEKAAEALAAAAAABAAEAAAICTAEAOw==\" data-safe-src=\"data:image\/gif;base64,R0lGODlhAQABAIAAAP\/\/\/\/\/\/\/yH5BAEKAAEALAAAAAABAAEAAAICTAEAOw==\" \/><\/a><\/div><\/div><div id=\"envira-gallery-item-294\" class=\"envira-gallery-item enviratope-item envira-gallery-item-3 envira-lazy-load\" style=\"padding-left: 1px; padding-bottom: 1px; padding-right: 1px;\"  itemscope itemtype=\"https:\/\/schema.org\/ImageObject\"><div class=\"envira-gallery-item-inner\"><div class=\"envira-gallery-position-overlay  envira-gallery-top-left\"><\/div><div class=\"envira-gallery-position-overlay  envira-gallery-top-right\"><\/div><div class=\"envira-gallery-position-overlay  envira-gallery-bottom-left\"><\/div><div class=\"envira-gallery-position-overlay  envira-gallery-bottom-right\"><\/div><a href=\"https:\/\/from-the-fahr-side.ch\/wp-content\/uploads\/2019\/01\/einsamer-Strandplatz.jpg\" class=\"envira-gallery-291 envira-gallery-link\" rel=\"enviragallery291\" title=\"einsamer Strandplatz\" data-envira-caption=\"einsamer Strandplatz\" data-envira-retina=\"\" data-thumbnail=\"\"  itemprop=\"contentUrl\"><img decoding=\"async\" id=\"envira-gallery-image-294\" class=\"envira-gallery-image envira-gallery-image-3 envira-normal envira-lazy\" data-envira-index=\"3\" src=\"https:\/\/from-the-fahr-side.ch\/wp-content\/uploads\/2019\/01\/einsamer-Strandplatz-1024x768-640x480.jpg\" data-envira-src=\"https:\/\/from-the-fahr-side.ch\/wp-content\/uploads\/2019\/01\/einsamer-Strandplatz-1024x768-640x480.jpg\" data-envira-gallery-id=\"291\" data-envira-item-id=\"294\" data-envira-caption=\"einsamer Strandplatz\" alt=\"\" title=\"einsamer Strandplatz\"  itemprop=\"thumbnailUrl\" data-envira-srcset=\"https:\/\/from-the-fahr-side.ch\/wp-content\/uploads\/2019\/01\/einsamer-Strandplatz-1024x768-640x480.jpg 400w,https:\/\/from-the-fahr-side.ch\/wp-content\/uploads\/2019\/01\/einsamer-Strandplatz-1024x768-640x480.jpg 2x\" data-envira-width=\"300\" data-envira-height=\"225\" srcset=\"data:image\/gif;base64,R0lGODlhAQABAIAAAP\/\/\/\/\/\/\/yH5BAEKAAEALAAAAAABAAEAAAICTAEAOw==\" data-safe-src=\"data:image\/gif;base64,R0lGODlhAQABAIAAAP\/\/\/\/\/\/\/yH5BAEKAAEALAAAAAABAAEAAAICTAEAOw==\" \/><\/a><\/div><\/div><div id=\"envira-gallery-item-295\" class=\"envira-gallery-item enviratope-item envira-gallery-item-4 envira-lazy-load\" style=\"padding-left: 1px; padding-bottom: 1px; padding-right: 1px;\"  itemscope itemtype=\"https:\/\/schema.org\/ImageObject\"><div class=\"envira-gallery-item-inner\"><div class=\"envira-gallery-position-overlay  envira-gallery-top-left\"><\/div><div class=\"envira-gallery-position-overlay  envira-gallery-top-right\"><\/div><div class=\"envira-gallery-position-overlay  envira-gallery-bottom-left\"><\/div><div class=\"envira-gallery-position-overlay  envira-gallery-bottom-right\"><\/div><a href=\"https:\/\/from-the-fahr-side.ch\/wp-content\/uploads\/2019\/01\/Praia-de-Mira.jpg\" class=\"envira-gallery-291 envira-gallery-link\" rel=\"enviragallery291\" title=\"Praia de Mira\" data-envira-caption=\"Praia de Mira\" data-envira-retina=\"\" data-thumbnail=\"\"  itemprop=\"contentUrl\"><img decoding=\"async\" id=\"envira-gallery-image-295\" class=\"envira-gallery-image envira-gallery-image-4 envira-normal envira-lazy\" data-envira-index=\"4\" src=\"https:\/\/from-the-fahr-side.ch\/wp-content\/uploads\/2019\/01\/Praia-de-Mira-1024x768-640x480.jpg\" data-envira-src=\"https:\/\/from-the-fahr-side.ch\/wp-content\/uploads\/2019\/01\/Praia-de-Mira-1024x768-640x480.jpg\" data-envira-gallery-id=\"291\" data-envira-item-id=\"295\" data-envira-caption=\"Praia de Mira\" alt=\"\" title=\"Praia de Mira\"  itemprop=\"thumbnailUrl\" data-envira-srcset=\"https:\/\/from-the-fahr-side.ch\/wp-content\/uploads\/2019\/01\/Praia-de-Mira-1024x768-640x480.jpg 400w,https:\/\/from-the-fahr-side.ch\/wp-content\/uploads\/2019\/01\/Praia-de-Mira-1024x768-640x480.jpg 2x\" data-envira-width=\"300\" data-envira-height=\"225\" srcset=\"data:image\/gif;base64,R0lGODlhAQABAIAAAP\/\/\/\/\/\/\/yH5BAEKAAEALAAAAAABAAEAAAICTAEAOw==\" data-safe-src=\"data:image\/gif;base64,R0lGODlhAQABAIAAAP\/\/\/\/\/\/\/yH5BAEKAAEALAAAAAABAAEAAAICTAEAOw==\" \/><\/a><\/div><\/div><div id=\"envira-gallery-item-486\" class=\"envira-gallery-item enviratope-item envira-gallery-item-5 envira-lazy-load\" style=\"padding-left: 1px; padding-bottom: 1px; padding-right: 1px;\"  itemscope itemtype=\"https:\/\/schema.org\/ImageObject\"><div class=\"envira-gallery-item-inner\"><div class=\"envira-gallery-position-overlay  envira-gallery-top-left\"><\/div><div class=\"envira-gallery-position-overlay  envira-gallery-top-right\"><\/div><div class=\"envira-gallery-position-overlay  envira-gallery-bottom-left\"><\/div><div class=\"envira-gallery-position-overlay  envira-gallery-bottom-right\"><\/div><a href=\"https:\/\/from-the-fahr-side.ch\/wp-content\/uploads\/2019\/01\/M\u00f6wen.jpg\" class=\"envira-gallery-291 envira-gallery-link\" rel=\"enviragallery291\" title=\"M\u00f6wen\" data-envira-caption=\"M\u00f6wen\" data-envira-retina=\"\" data-thumbnail=\"\"  itemprop=\"contentUrl\"><img decoding=\"async\" id=\"envira-gallery-image-486\" class=\"envira-gallery-image envira-gallery-image-5 envira-normal envira-lazy\" data-envira-index=\"5\" src=\"https:\/\/from-the-fahr-side.ch\/wp-content\/uploads\/2019\/01\/M\u00f6wen-1024x768-640x480.jpg\" data-envira-src=\"https:\/\/from-the-fahr-side.ch\/wp-content\/uploads\/2019\/01\/M\u00f6wen-1024x768-640x480.jpg\" data-envira-gallery-id=\"291\" data-envira-item-id=\"486\" data-envira-caption=\"M\u00f6wen\" alt=\"\" title=\"M\u00f6wen\"  itemprop=\"thumbnailUrl\" data-envira-srcset=\"https:\/\/from-the-fahr-side.ch\/wp-content\/uploads\/2019\/01\/M\u00f6wen-1024x768-640x480.jpg 400w,https:\/\/from-the-fahr-side.ch\/wp-content\/uploads\/2019\/01\/M\u00f6wen-1024x768-640x480.jpg 2x\" data-envira-width=\"300\" data-envira-height=\"225\" srcset=\"data:image\/gif;base64,R0lGODlhAQABAIAAAP\/\/\/\/\/\/\/yH5BAEKAAEALAAAAAABAAEAAAICTAEAOw==\" data-safe-src=\"data:image\/gif;base64,R0lGODlhAQABAIAAAP\/\/\/\/\/\/\/yH5BAEKAAEALAAAAAABAAEAAAICTAEAOw==\" \/><\/a><\/div><\/div><div id=\"envira-gallery-item-310\" class=\"envira-gallery-item enviratope-item envira-gallery-item-6 envira-lazy-load\" style=\"padding-left: 1px; padding-bottom: 1px; padding-right: 1px;\"  itemscope itemtype=\"https:\/\/schema.org\/ImageObject\"><div class=\"envira-gallery-item-inner\"><div class=\"envira-gallery-position-overlay  envira-gallery-top-left\"><\/div><div class=\"envira-gallery-position-overlay  envira-gallery-top-right\"><\/div><div class=\"envira-gallery-position-overlay  envira-gallery-bottom-left\"><\/div><div class=\"envira-gallery-position-overlay  envira-gallery-bottom-right\"><\/div><a href=\"https:\/\/from-the-fahr-side.ch\/wp-content\/uploads\/2019\/01\/Windm\u00fchle.jpg\" class=\"envira-gallery-291 envira-gallery-link\" rel=\"enviragallery291\" title=\"Windm\u00fchle\" data-envira-caption=\"Windm\u00fchle\" data-envira-retina=\"\" data-thumbnail=\"\"  itemprop=\"contentUrl\"><img decoding=\"async\" id=\"envira-gallery-image-310\" class=\"envira-gallery-image envira-gallery-image-6 envira-normal envira-lazy\" data-envira-index=\"6\" src=\"https:\/\/from-the-fahr-side.ch\/wp-content\/uploads\/2019\/01\/Windm\u00fchle-1024x768-640x480.jpg\" data-envira-src=\"https:\/\/from-the-fahr-side.ch\/wp-content\/uploads\/2019\/01\/Windm\u00fchle-1024x768-640x480.jpg\" data-envira-gallery-id=\"291\" data-envira-item-id=\"310\" data-envira-caption=\"Windm\u00fchle\" alt=\"\" title=\"Windm\u00fchle\"  itemprop=\"thumbnailUrl\" data-envira-srcset=\"https:\/\/from-the-fahr-side.ch\/wp-content\/uploads\/2019\/01\/Windm\u00fchle-1024x768-640x480.jpg 400w,https:\/\/from-the-fahr-side.ch\/wp-content\/uploads\/2019\/01\/Windm\u00fchle-1024x768-640x480.jpg 2x\" data-envira-width=\"300\" data-envira-height=\"225\" srcset=\"data:image\/gif;base64,R0lGODlhAQABAIAAAP\/\/\/\/\/\/\/yH5BAEKAAEALAAAAAABAAEAAAICTAEAOw==\" data-safe-src=\"data:image\/gif;base64,R0lGODlhAQABAIAAAP\/\/\/\/\/\/\/yH5BAEKAAEALAAAAAABAAEAAAICTAEAOw==\" \/><\/a><\/div><\/div><\/div><\/div><noscript><img decoding=\"async\" src=\"https:\/\/from-the-fahr-side.ch\/wp-content\/uploads\/2019\/01\/Sturmfolgen.jpg\" alt=\"\" \/><img decoding=\"async\" src=\"https:\/\/from-the-fahr-side.ch\/wp-content\/uploads\/2019\/01\/abgebrannter-Wald.jpg\" alt=\"\" \/><img decoding=\"async\" src=\"https:\/\/from-the-fahr-side.ch\/wp-content\/uploads\/2019\/01\/einsamer-Strandplatz.jpg\" alt=\"\" \/><img decoding=\"async\" src=\"https:\/\/from-the-fahr-side.ch\/wp-content\/uploads\/2019\/01\/Praia-de-Mira.jpg\" alt=\"\" \/><img decoding=\"async\" src=\"https:\/\/from-the-fahr-side.ch\/wp-content\/uploads\/2019\/01\/M\u00f6wen.jpg\" alt=\"\" \/><img decoding=\"async\" src=\"https:\/\/from-the-fahr-side.ch\/wp-content\/uploads\/2019\/01\/Windm\u00fchle.jpg\" alt=\"\" \/><\/noscript><\/div>\n\n\n\n<p>Es gibt sehr viele Zeugnisse historischer Zeiten zu besichtigen: Stadtmauern, Burgen, Kl\u00f6ster und Kirchen. Um 1500, als Portugal reich und wohlhabend wurde dank der Kolonien, wurden auch ihre Kirchen mit orientalischen Ornamenten geschm\u00fcckt. Es hat sich ein ganz eigener Stil, die Manuelinik entwickelt.<br><\/p>\n\n\n\n<div class=\"wp-block-envira-envira-gallery\"><div id=\"envira-gallery-wrap-298\" class=\"envira-gallery-wrap envira-gallery-theme-base envira-lightbox-theme-base_dark\" itemscope itemtype=\"https:\/\/schema.org\/ImageGallery\"><div style=\"opacity: 0.0\"  data-row-height=\"150\" data-gallery-theme=\"normal\" id=\"envira-gallery-298\" class=\"envira-gallery-public envira-gallery-justified-public envira-gallery-0-columns envira-clear enviratope envira-gallery-css-animations\" data-envira-columns=\"0\"><div id=\"envira-gallery-item-301\" class=\"envira-gallery-item enviratope-item envira-gallery-item-1 envira-lazy-load\" style=\"padding-left: 1px; padding-bottom: 1px; padding-right: 1px;\"  itemscope itemtype=\"https:\/\/schema.org\/ImageObject\"><div class=\"envira-gallery-item-inner\"><div class=\"envira-gallery-position-overlay  envira-gallery-top-left\"><\/div><div class=\"envira-gallery-position-overlay  envira-gallery-top-right\"><\/div><div class=\"envira-gallery-position-overlay  envira-gallery-bottom-left\"><\/div><div class=\"envira-gallery-position-overlay  envira-gallery-bottom-right\"><\/div><a href=\"https:\/\/from-the-fahr-side.ch\/wp-content\/uploads\/2019\/01\/Manuelinik.jpg\" class=\"envira-gallery-298 envira-gallery-link\" rel=\"enviragallery298\" title=\"Manuelinik\" data-envira-caption=\"Manuelinik\" data-envira-retina=\"\" data-thumbnail=\"\"  itemprop=\"contentUrl\"><img decoding=\"async\" id=\"envira-gallery-image-301\" class=\"envira-gallery-image envira-gallery-image-1 envira-normal envira-lazy\" data-envira-index=\"1\" src=\"https:\/\/from-the-fahr-side.ch\/wp-content\/uploads\/2019\/01\/Manuelinik-768x1024-640x480.jpg\" data-envira-src=\"https:\/\/from-the-fahr-side.ch\/wp-content\/uploads\/2019\/01\/Manuelinik-768x1024-640x480.jpg\" data-envira-gallery-id=\"298\" data-envira-item-id=\"301\" data-envira-caption=\"Manuelinik\" alt=\"\" title=\"Manuelinik\"  itemprop=\"thumbnailUrl\" data-envira-srcset=\"https:\/\/from-the-fahr-side.ch\/wp-content\/uploads\/2019\/01\/Manuelinik-768x1024-640x480.jpg 400w,https:\/\/from-the-fahr-side.ch\/wp-content\/uploads\/2019\/01\/Manuelinik-768x1024-640x480.jpg 2x\" data-envira-width=\"225\" data-envira-height=\"300\" srcset=\"data:image\/gif;base64,R0lGODlhAQABAIAAAP\/\/\/\/\/\/\/yH5BAEKAAEALAAAAAABAAEAAAICTAEAOw==\" data-safe-src=\"data:image\/gif;base64,R0lGODlhAQABAIAAAP\/\/\/\/\/\/\/yH5BAEKAAEALAAAAAABAAEAAAICTAEAOw==\" \/><\/a><\/div><\/div><div id=\"envira-gallery-item-299\" class=\"envira-gallery-item enviratope-item envira-gallery-item-2 envira-lazy-load\" style=\"padding-left: 1px; padding-bottom: 1px; padding-right: 1px;\"  itemscope itemtype=\"https:\/\/schema.org\/ImageObject\"><div class=\"envira-gallery-item-inner\"><div class=\"envira-gallery-position-overlay  envira-gallery-top-left\"><\/div><div class=\"envira-gallery-position-overlay  envira-gallery-top-right\"><\/div><div class=\"envira-gallery-position-overlay  envira-gallery-bottom-left\"><\/div><div class=\"envira-gallery-position-overlay  envira-gallery-bottom-right\"><\/div><a href=\"https:\/\/from-the-fahr-side.ch\/wp-content\/uploads\/2019\/01\/Kloster-von-Bathala.jpg\" class=\"envira-gallery-298 envira-gallery-link\" rel=\"enviragallery298\" title=\"Kloster von Bathala\" data-envira-caption=\"Kloster von Bathala\" data-envira-retina=\"\" data-thumbnail=\"\"  itemprop=\"contentUrl\"><img decoding=\"async\" id=\"envira-gallery-image-299\" class=\"envira-gallery-image envira-gallery-image-2 envira-normal envira-lazy\" data-envira-index=\"2\" src=\"https:\/\/from-the-fahr-side.ch\/wp-content\/uploads\/2019\/01\/Kloster-von-Bathala-768x1024-640x480.jpg\" data-envira-src=\"https:\/\/from-the-fahr-side.ch\/wp-content\/uploads\/2019\/01\/Kloster-von-Bathala-768x1024-640x480.jpg\" data-envira-gallery-id=\"298\" data-envira-item-id=\"299\" data-envira-caption=\"Kloster von Bathala\" alt=\"\" title=\"Kloster von Bathala\"  itemprop=\"thumbnailUrl\" data-envira-srcset=\"https:\/\/from-the-fahr-side.ch\/wp-content\/uploads\/2019\/01\/Kloster-von-Bathala-768x1024-640x480.jpg 400w,https:\/\/from-the-fahr-side.ch\/wp-content\/uploads\/2019\/01\/Kloster-von-Bathala-768x1024-640x480.jpg 2x\" data-envira-width=\"225\" data-envira-height=\"300\" srcset=\"data:image\/gif;base64,R0lGODlhAQABAIAAAP\/\/\/\/\/\/\/yH5BAEKAAEALAAAAAABAAEAAAICTAEAOw==\" data-safe-src=\"data:image\/gif;base64,R0lGODlhAQABAIAAAP\/\/\/\/\/\/\/yH5BAEKAAEALAAAAAABAAEAAAICTAEAOw==\" \/><\/a><\/div><\/div><div id=\"envira-gallery-item-300\" class=\"envira-gallery-item enviratope-item envira-gallery-item-3 envira-lazy-load\" style=\"padding-left: 1px; padding-bottom: 1px; padding-right: 1px;\"  itemscope itemtype=\"https:\/\/schema.org\/ImageObject\"><div class=\"envira-gallery-item-inner\"><div class=\"envira-gallery-position-overlay  envira-gallery-top-left\"><\/div><div class=\"envira-gallery-position-overlay  envira-gallery-top-right\"><\/div><div class=\"envira-gallery-position-overlay  envira-gallery-bottom-left\"><\/div><div class=\"envira-gallery-position-overlay  envira-gallery-bottom-right\"><\/div><a href=\"https:\/\/from-the-fahr-side.ch\/wp-content\/uploads\/2019\/01\/Kirche-von-Bathala.jpg\" class=\"envira-gallery-298 envira-gallery-link\" rel=\"enviragallery298\" title=\"Kirche von Bathala\" data-envira-caption=\"Kirche von Bathala\" data-envira-retina=\"\" data-thumbnail=\"\"  itemprop=\"contentUrl\"><img decoding=\"async\" id=\"envira-gallery-image-300\" class=\"envira-gallery-image envira-gallery-image-3 envira-normal envira-lazy\" data-envira-index=\"3\" src=\"https:\/\/from-the-fahr-side.ch\/wp-content\/uploads\/2019\/01\/Kirche-von-Bathala-768x1024-640x480.jpg\" data-envira-src=\"https:\/\/from-the-fahr-side.ch\/wp-content\/uploads\/2019\/01\/Kirche-von-Bathala-768x1024-640x480.jpg\" data-envira-gallery-id=\"298\" data-envira-item-id=\"300\" data-envira-caption=\"Kirche von Bathala\" alt=\"\" title=\"Kirche von Bathala\"  itemprop=\"thumbnailUrl\" data-envira-srcset=\"https:\/\/from-the-fahr-side.ch\/wp-content\/uploads\/2019\/01\/Kirche-von-Bathala-768x1024-640x480.jpg 400w,https:\/\/from-the-fahr-side.ch\/wp-content\/uploads\/2019\/01\/Kirche-von-Bathala-768x1024-640x480.jpg 2x\" data-envira-width=\"225\" data-envira-height=\"300\" srcset=\"data:image\/gif;base64,R0lGODlhAQABAIAAAP\/\/\/\/\/\/\/yH5BAEKAAEALAAAAAABAAEAAAICTAEAOw==\" data-safe-src=\"data:image\/gif;base64,R0lGODlhAQABAIAAAP\/\/\/\/\/\/\/yH5BAEKAAEALAAAAAABAAEAAAICTAEAOw==\" \/><\/a><\/div><\/div><div id=\"envira-gallery-item-302\" class=\"envira-gallery-item enviratope-item envira-gallery-item-4 envira-lazy-load\" style=\"padding-left: 1px; padding-bottom: 1px; padding-right: 1px;\"  itemscope itemtype=\"https:\/\/schema.org\/ImageObject\"><div class=\"envira-gallery-item-inner\"><div class=\"envira-gallery-position-overlay  envira-gallery-top-left\"><\/div><div class=\"envira-gallery-position-overlay  envira-gallery-top-right\"><\/div><div class=\"envira-gallery-position-overlay  envira-gallery-bottom-left\"><\/div><div class=\"envira-gallery-position-overlay  envira-gallery-bottom-right\"><\/div><a href=\"https:\/\/from-the-fahr-side.ch\/wp-content\/uploads\/2019\/01\/Burg-von-Montemor.jpg\" class=\"envira-gallery-298 envira-gallery-link\" rel=\"enviragallery298\" title=\"Burg von Montemor\" data-envira-caption=\"Burg von Montemor\" data-envira-retina=\"\" data-thumbnail=\"\"  itemprop=\"contentUrl\"><img decoding=\"async\" id=\"envira-gallery-image-302\" class=\"envira-gallery-image envira-gallery-image-4 envira-normal envira-lazy\" data-envira-index=\"4\" src=\"https:\/\/from-the-fahr-side.ch\/wp-content\/uploads\/2019\/01\/Burg-von-Montemor-768x1024-640x480.jpg\" data-envira-src=\"https:\/\/from-the-fahr-side.ch\/wp-content\/uploads\/2019\/01\/Burg-von-Montemor-768x1024-640x480.jpg\" data-envira-gallery-id=\"298\" data-envira-item-id=\"302\" data-envira-caption=\"Burg von Montemor\" alt=\"\" title=\"Burg von Montemor\"  itemprop=\"thumbnailUrl\" data-envira-srcset=\"https:\/\/from-the-fahr-side.ch\/wp-content\/uploads\/2019\/01\/Burg-von-Montemor-768x1024-640x480.jpg 400w,https:\/\/from-the-fahr-side.ch\/wp-content\/uploads\/2019\/01\/Burg-von-Montemor-768x1024-640x480.jpg 2x\" data-envira-width=\"225\" data-envira-height=\"300\" srcset=\"data:image\/gif;base64,R0lGODlhAQABAIAAAP\/\/\/\/\/\/\/yH5BAEKAAEALAAAAAABAAEAAAICTAEAOw==\" data-safe-src=\"data:image\/gif;base64,R0lGODlhAQABAIAAAP\/\/\/\/\/\/\/yH5BAEKAAEALAAAAAABAAEAAAICTAEAOw==\" \/><\/a><\/div><\/div><div id=\"envira-gallery-item-304\" class=\"envira-gallery-item enviratope-item envira-gallery-item-5 envira-lazy-load\" style=\"padding-left: 1px; padding-bottom: 1px; padding-right: 1px;\"  itemscope itemtype=\"https:\/\/schema.org\/ImageObject\"><div class=\"envira-gallery-item-inner\"><div class=\"envira-gallery-position-overlay  envira-gallery-top-left\"><\/div><div class=\"envira-gallery-position-overlay  envira-gallery-top-right\"><\/div><div class=\"envira-gallery-position-overlay  envira-gallery-bottom-left\"><\/div><div class=\"envira-gallery-position-overlay  envira-gallery-bottom-right\"><\/div><a href=\"https:\/\/from-the-fahr-side.ch\/wp-content\/uploads\/2019\/01\/Mittelalterfeeling.jpg\" class=\"envira-gallery-298 envira-gallery-link\" rel=\"enviragallery298\" title=\"Mittelalterfeeling\" data-envira-caption=\"Mittelalterfeeling\" data-envira-retina=\"\" data-thumbnail=\"\"  itemprop=\"contentUrl\"><img decoding=\"async\" id=\"envira-gallery-image-304\" class=\"envira-gallery-image envira-gallery-image-5 envira-normal envira-lazy\" data-envira-index=\"5\" src=\"https:\/\/from-the-fahr-side.ch\/wp-content\/uploads\/2019\/01\/Mittelalterfeeling-768x1024-640x480.jpg\" data-envira-src=\"https:\/\/from-the-fahr-side.ch\/wp-content\/uploads\/2019\/01\/Mittelalterfeeling-768x1024-640x480.jpg\" data-envira-gallery-id=\"298\" data-envira-item-id=\"304\" data-envira-caption=\"Mittelalterfeeling\" alt=\"\" title=\"Mittelalterfeeling\"  itemprop=\"thumbnailUrl\" data-envira-srcset=\"https:\/\/from-the-fahr-side.ch\/wp-content\/uploads\/2019\/01\/Mittelalterfeeling-768x1024-640x480.jpg 400w,https:\/\/from-the-fahr-side.ch\/wp-content\/uploads\/2019\/01\/Mittelalterfeeling-768x1024-640x480.jpg 2x\" data-envira-width=\"225\" data-envira-height=\"300\" srcset=\"data:image\/gif;base64,R0lGODlhAQABAIAAAP\/\/\/\/\/\/\/yH5BAEKAAEALAAAAAABAAEAAAICTAEAOw==\" data-safe-src=\"data:image\/gif;base64,R0lGODlhAQABAIAAAP\/\/\/\/\/\/\/yH5BAEKAAEALAAAAAABAAEAAAICTAEAOw==\" \/><\/a><\/div><\/div><div id=\"envira-gallery-item-303\" class=\"envira-gallery-item enviratope-item envira-gallery-item-6 envira-lazy-load\" style=\"padding-left: 1px; padding-bottom: 1px; padding-right: 1px;\"  itemscope itemtype=\"https:\/\/schema.org\/ImageObject\"><div class=\"envira-gallery-item-inner\"><div class=\"envira-gallery-position-overlay  envira-gallery-top-left\"><\/div><div class=\"envira-gallery-position-overlay  envira-gallery-top-right\"><\/div><div class=\"envira-gallery-position-overlay  envira-gallery-bottom-left\"><\/div><div class=\"envira-gallery-position-overlay  envira-gallery-bottom-right\"><\/div><a href=\"https:\/\/from-the-fahr-side.ch\/wp-content\/uploads\/2019\/01\/einsamer-Gast.jpg\" class=\"envira-gallery-298 envira-gallery-link\" rel=\"enviragallery298\" title=\"einsamer Gast\" data-envira-caption=\"einsamer Gast\" data-envira-retina=\"\" data-thumbnail=\"\"  itemprop=\"contentUrl\"><img decoding=\"async\" id=\"envira-gallery-image-303\" class=\"envira-gallery-image envira-gallery-image-6 envira-normal envira-lazy\" data-envira-index=\"6\" src=\"https:\/\/from-the-fahr-side.ch\/wp-content\/uploads\/2019\/01\/einsamer-Gast-768x1024-640x480.jpg\" data-envira-src=\"https:\/\/from-the-fahr-side.ch\/wp-content\/uploads\/2019\/01\/einsamer-Gast-768x1024-640x480.jpg\" data-envira-gallery-id=\"298\" data-envira-item-id=\"303\" data-envira-caption=\"einsamer Gast\" alt=\"\" title=\"einsamer Gast\"  itemprop=\"thumbnailUrl\" data-envira-srcset=\"https:\/\/from-the-fahr-side.ch\/wp-content\/uploads\/2019\/01\/einsamer-Gast-768x1024-640x480.jpg 400w,https:\/\/from-the-fahr-side.ch\/wp-content\/uploads\/2019\/01\/einsamer-Gast-768x1024-640x480.jpg 2x\" data-envira-width=\"225\" data-envira-height=\"300\" srcset=\"data:image\/gif;base64,R0lGODlhAQABAIAAAP\/\/\/\/\/\/\/yH5BAEKAAEALAAAAAABAAEAAAICTAEAOw==\" data-safe-src=\"data:image\/gif;base64,R0lGODlhAQABAIAAAP\/\/\/\/\/\/\/yH5BAEKAAEALAAAAAABAAEAAAICTAEAOw==\" \/><\/a><\/div><\/div><\/div><\/div><noscript><img decoding=\"async\" src=\"https:\/\/from-the-fahr-side.ch\/wp-content\/uploads\/2019\/01\/Manuelinik.jpg\" alt=\"\" \/><img decoding=\"async\" src=\"https:\/\/from-the-fahr-side.ch\/wp-content\/uploads\/2019\/01\/Kloster-von-Bathala.jpg\" alt=\"\" \/><img decoding=\"async\" src=\"https:\/\/from-the-fahr-side.ch\/wp-content\/uploads\/2019\/01\/Kirche-von-Bathala.jpg\" alt=\"\" \/><img decoding=\"async\" src=\"https:\/\/from-the-fahr-side.ch\/wp-content\/uploads\/2019\/01\/Burg-von-Montemor.jpg\" alt=\"\" \/><img decoding=\"async\" src=\"https:\/\/from-the-fahr-side.ch\/wp-content\/uploads\/2019\/01\/Mittelalterfeeling.jpg\" alt=\"\" \/><img decoding=\"async\" src=\"https:\/\/from-the-fahr-side.ch\/wp-content\/uploads\/2019\/01\/einsamer-Gast.jpg\" alt=\"\" \/><\/noscript><\/div>\n\n\n\n<p>Es zieht uns immer wieder an die wunderbare Atlantikk\u00fcste. Wir sind fasziniert von den  verschiedenartigen K\u00fcsten: endlose Sandstr\u00e4nde, dann wieder schroffe und hohe Felsen. Auch die eindr\u00fccklichen Gezeitenwechsel und das tosende Meer lassen uns staunen. Leider ist die Luft zu kalt um ein 17 gr\u00e4diges Meerbad verkraften zu k\u00f6nnen, wir \u00fcberlassen dies den Surfern, die stundenlang paddeln um gelegentlich eine Welle reiten zu k\u00f6nnen. <\/p>\n\n\n\n<div class=\"wp-block-envira-envira-gallery\"><div id=\"envira-gallery-wrap-324\" class=\"envira-gallery-wrap envira-gallery-theme-base envira-lightbox-theme-base_dark\" itemscope itemtype=\"https:\/\/schema.org\/ImageGallery\"><div style=\"opacity: 0.0\"  data-row-height=\"150\" data-gallery-theme=\"normal\" id=\"envira-gallery-324\" class=\"envira-gallery-public envira-gallery-justified-public envira-gallery-0-columns envira-clear enviratope envira-gallery-css-animations\" data-envira-columns=\"0\"><div id=\"envira-gallery-item-325\" class=\"envira-gallery-item enviratope-item envira-gallery-item-1 envira-lazy-load\" style=\"padding-left: 1px; padding-bottom: 1px; padding-right: 1px;\"  itemscope itemtype=\"https:\/\/schema.org\/ImageObject\"><div class=\"envira-gallery-item-inner\"><div class=\"envira-gallery-position-overlay  envira-gallery-top-left\"><\/div><div class=\"envira-gallery-position-overlay  envira-gallery-top-right\"><\/div><div class=\"envira-gallery-position-overlay  envira-gallery-bottom-left\"><\/div><div class=\"envira-gallery-position-overlay  envira-gallery-bottom-right\"><\/div><a href=\"https:\/\/from-the-fahr-side.ch\/wp-content\/uploads\/2019\/01\/Maria-besch\u00fctzt-die-Seefahrer.jpg\" class=\"envira-gallery-324 envira-gallery-link\" rel=\"enviragallery324\" title=\"Maria besch\u00fctzt die Seefahrer\" data-envira-caption=\"Maria besch\u00fctzt die Seefahrer\" data-envira-retina=\"\" data-thumbnail=\"\"  itemprop=\"contentUrl\"><img decoding=\"async\" id=\"envira-gallery-image-325\" class=\"envira-gallery-image envira-gallery-image-1 envira-normal envira-lazy\" data-envira-index=\"1\" src=\"https:\/\/from-the-fahr-side.ch\/wp-content\/uploads\/2019\/01\/Maria-besch\u00fctzt-die-Seefahrer-1024x768-640x480.jpg\" data-envira-src=\"https:\/\/from-the-fahr-side.ch\/wp-content\/uploads\/2019\/01\/Maria-besch\u00fctzt-die-Seefahrer-1024x768-640x480.jpg\" data-envira-gallery-id=\"324\" data-envira-item-id=\"325\" data-envira-caption=\"Maria besch\u00fctzt die Seefahrer\" alt=\"\" title=\"Maria besch\u00fctzt die Seefahrer\"  itemprop=\"thumbnailUrl\" data-envira-srcset=\"https:\/\/from-the-fahr-side.ch\/wp-content\/uploads\/2019\/01\/Maria-besch\u00fctzt-die-Seefahrer-1024x768-640x480.jpg 400w,https:\/\/from-the-fahr-side.ch\/wp-content\/uploads\/2019\/01\/Maria-besch\u00fctzt-die-Seefahrer-1024x768-640x480.jpg 2x\" data-envira-width=\"300\" data-envira-height=\"225\" srcset=\"data:image\/gif;base64,R0lGODlhAQABAIAAAP\/\/\/\/\/\/\/yH5BAEKAAEALAAAAAABAAEAAAICTAEAOw==\" data-safe-src=\"data:image\/gif;base64,R0lGODlhAQABAIAAAP\/\/\/\/\/\/\/yH5BAEKAAEALAAAAAABAAEAAAICTAEAOw==\" \/><\/a><\/div><\/div><div id=\"envira-gallery-item-328\" class=\"envira-gallery-item enviratope-item envira-gallery-item-2 envira-lazy-load\" style=\"padding-left: 1px; padding-bottom: 1px; padding-right: 1px;\"  itemscope itemtype=\"https:\/\/schema.org\/ImageObject\"><div class=\"envira-gallery-item-inner\"><div class=\"envira-gallery-position-overlay  envira-gallery-top-left\"><\/div><div class=\"envira-gallery-position-overlay  envira-gallery-top-right\"><\/div><div class=\"envira-gallery-position-overlay  envira-gallery-bottom-left\"><\/div><div class=\"envira-gallery-position-overlay  envira-gallery-bottom-right\"><\/div><a href=\"https:\/\/from-the-fahr-side.ch\/wp-content\/uploads\/2019\/01\/wilde-K\u00fcste-in-Porto-Covo-.jpg\" class=\"envira-gallery-324 envira-gallery-link\" rel=\"enviragallery324\" title=\"wilde K\u00fcste in Porto Covo\" data-envira-caption=\"wilde K\u00fcste in Porto Covo\" data-envira-retina=\"\" data-thumbnail=\"\"  itemprop=\"contentUrl\"><img decoding=\"async\" id=\"envira-gallery-image-328\" class=\"envira-gallery-image envira-gallery-image-2 envira-normal envira-lazy\" data-envira-index=\"2\" src=\"https:\/\/from-the-fahr-side.ch\/wp-content\/uploads\/2019\/01\/wilde-K\u00fcste-in-Porto-Covo--1024x768-640x480.jpg\" data-envira-src=\"https:\/\/from-the-fahr-side.ch\/wp-content\/uploads\/2019\/01\/wilde-K\u00fcste-in-Porto-Covo--1024x768-640x480.jpg\" data-envira-gallery-id=\"324\" data-envira-item-id=\"328\" data-envira-caption=\"wilde K\u00fcste in Porto Covo\" alt=\"\" title=\"wilde K\u00fcste in Porto Covo\"  itemprop=\"thumbnailUrl\" data-envira-srcset=\"https:\/\/from-the-fahr-side.ch\/wp-content\/uploads\/2019\/01\/wilde-K\u00fcste-in-Porto-Covo--1024x768-640x480.jpg 400w,https:\/\/from-the-fahr-side.ch\/wp-content\/uploads\/2019\/01\/wilde-K\u00fcste-in-Porto-Covo--1024x768-640x480.jpg 2x\" data-envira-width=\"300\" data-envira-height=\"225\" srcset=\"data:image\/gif;base64,R0lGODlhAQABAIAAAP\/\/\/\/\/\/\/yH5BAEKAAEALAAAAAABAAEAAAICTAEAOw==\" data-safe-src=\"data:image\/gif;base64,R0lGODlhAQABAIAAAP\/\/\/\/\/\/\/yH5BAEKAAEALAAAAAABAAEAAAICTAEAOw==\" \/><\/a><\/div><\/div><div id=\"envira-gallery-item-332\" class=\"envira-gallery-item enviratope-item envira-gallery-item-3 envira-lazy-load\" style=\"padding-left: 1px; padding-bottom: 1px; padding-right: 1px;\"  itemscope itemtype=\"https:\/\/schema.org\/ImageObject\"><div class=\"envira-gallery-item-inner\"><div class=\"envira-gallery-position-overlay  envira-gallery-top-left\"><\/div><div class=\"envira-gallery-position-overlay  envira-gallery-top-right\"><\/div><div class=\"envira-gallery-position-overlay  envira-gallery-bottom-left\"><\/div><div class=\"envira-gallery-position-overlay  envira-gallery-bottom-right\"><\/div><a href=\"https:\/\/from-the-fahr-side.ch\/wp-content\/uploads\/2019\/01\/tosende-Wellen.jpg\" class=\"envira-gallery-324 envira-gallery-link\" rel=\"enviragallery324\" title=\"tosende Wellen\" data-envira-caption=\"tosende Wellen\" data-envira-retina=\"\" data-thumbnail=\"\"  itemprop=\"contentUrl\"><img decoding=\"async\" id=\"envira-gallery-image-332\" class=\"envira-gallery-image envira-gallery-image-3 envira-normal envira-lazy\" data-envira-index=\"3\" src=\"https:\/\/from-the-fahr-side.ch\/wp-content\/uploads\/2019\/01\/tosende-Wellen-1024x768-640x480.jpg\" data-envira-src=\"https:\/\/from-the-fahr-side.ch\/wp-content\/uploads\/2019\/01\/tosende-Wellen-1024x768-640x480.jpg\" data-envira-gallery-id=\"324\" data-envira-item-id=\"332\" data-envira-caption=\"tosende Wellen\" alt=\"\" title=\"tosende Wellen\"  itemprop=\"thumbnailUrl\" data-envira-srcset=\"https:\/\/from-the-fahr-side.ch\/wp-content\/uploads\/2019\/01\/tosende-Wellen-1024x768-640x480.jpg 400w,https:\/\/from-the-fahr-side.ch\/wp-content\/uploads\/2019\/01\/tosende-Wellen-1024x768-640x480.jpg 2x\" data-envira-width=\"300\" data-envira-height=\"225\" srcset=\"data:image\/gif;base64,R0lGODlhAQABAIAAAP\/\/\/\/\/\/\/yH5BAEKAAEALAAAAAABAAEAAAICTAEAOw==\" data-safe-src=\"data:image\/gif;base64,R0lGODlhAQABAIAAAP\/\/\/\/\/\/\/yH5BAEKAAEALAAAAAABAAEAAAICTAEAOw==\" \/><\/a><\/div><\/div><div id=\"envira-gallery-item-327\" class=\"envira-gallery-item enviratope-item envira-gallery-item-4 envira-lazy-load\" style=\"padding-left: 1px; padding-bottom: 1px; padding-right: 1px;\"  itemscope itemtype=\"https:\/\/schema.org\/ImageObject\"><div class=\"envira-gallery-item-inner\"><div class=\"envira-gallery-position-overlay  envira-gallery-top-left\"><\/div><div class=\"envira-gallery-position-overlay  envira-gallery-top-right\"><\/div><div class=\"envira-gallery-position-overlay  envira-gallery-bottom-left\"><\/div><div class=\"envira-gallery-position-overlay  envira-gallery-bottom-right\"><\/div><a href=\"https:\/\/from-the-fahr-side.ch\/wp-content\/uploads\/2019\/01\/the-big-wave.jpg\" class=\"envira-gallery-324 envira-gallery-link\" rel=\"enviragallery324\" title=\"the big wave\" data-envira-caption=\"the big wave\" data-envira-retina=\"\" data-thumbnail=\"\"  itemprop=\"contentUrl\"><img decoding=\"async\" id=\"envira-gallery-image-327\" class=\"envira-gallery-image envira-gallery-image-4 envira-normal envira-lazy\" data-envira-index=\"4\" src=\"https:\/\/from-the-fahr-side.ch\/wp-content\/uploads\/2019\/01\/the-big-wave-1024x768-640x480.jpg\" data-envira-src=\"https:\/\/from-the-fahr-side.ch\/wp-content\/uploads\/2019\/01\/the-big-wave-1024x768-640x480.jpg\" data-envira-gallery-id=\"324\" data-envira-item-id=\"327\" data-envira-caption=\"the big wave\" alt=\"\" title=\"the big wave\"  itemprop=\"thumbnailUrl\" data-envira-srcset=\"https:\/\/from-the-fahr-side.ch\/wp-content\/uploads\/2019\/01\/the-big-wave-1024x768-640x480.jpg 400w,https:\/\/from-the-fahr-side.ch\/wp-content\/uploads\/2019\/01\/the-big-wave-1024x768-640x480.jpg 2x\" data-envira-width=\"300\" data-envira-height=\"225\" srcset=\"data:image\/gif;base64,R0lGODlhAQABAIAAAP\/\/\/\/\/\/\/yH5BAEKAAEALAAAAAABAAEAAAICTAEAOw==\" data-safe-src=\"data:image\/gif;base64,R0lGODlhAQABAIAAAP\/\/\/\/\/\/\/yH5BAEKAAEALAAAAAABAAEAAAICTAEAOw==\" \/><\/a><\/div><\/div><div id=\"envira-gallery-item-329\" class=\"envira-gallery-item enviratope-item envira-gallery-item-5 envira-lazy-load\" style=\"padding-left: 1px; padding-bottom: 1px; padding-right: 1px;\"  itemscope itemtype=\"https:\/\/schema.org\/ImageObject\"><div class=\"envira-gallery-item-inner\"><div class=\"envira-gallery-position-overlay  envira-gallery-top-left\"><\/div><div class=\"envira-gallery-position-overlay  envira-gallery-top-right\"><\/div><div class=\"envira-gallery-position-overlay  envira-gallery-bottom-left\"><\/div><div class=\"envira-gallery-position-overlay  envira-gallery-bottom-right\"><\/div><a href=\"https:\/\/from-the-fahr-side.ch\/wp-content\/uploads\/2019\/01\/Strand-von-Nazar\u00e9.jpg\" class=\"envira-gallery-324 envira-gallery-link\" rel=\"enviragallery324\" title=\"Strand von Nazar\u00e9\" data-envira-caption=\"Strand von Nazar\u00e9\" data-envira-retina=\"\" data-thumbnail=\"\"  itemprop=\"contentUrl\"><img decoding=\"async\" id=\"envira-gallery-image-329\" class=\"envira-gallery-image envira-gallery-image-5 envira-normal envira-lazy\" data-envira-index=\"5\" src=\"https:\/\/from-the-fahr-side.ch\/wp-content\/uploads\/2019\/01\/Strand-von-Nazar\u00e9-1024x768-640x480.jpg\" data-envira-src=\"https:\/\/from-the-fahr-side.ch\/wp-content\/uploads\/2019\/01\/Strand-von-Nazar\u00e9-1024x768-640x480.jpg\" data-envira-gallery-id=\"324\" data-envira-item-id=\"329\" data-envira-caption=\"Strand von Nazar\u00e9\" alt=\"\" title=\"Strand von Nazar\u00e9\"  itemprop=\"thumbnailUrl\" data-envira-srcset=\"https:\/\/from-the-fahr-side.ch\/wp-content\/uploads\/2019\/01\/Strand-von-Nazar\u00e9-1024x768-640x480.jpg 400w,https:\/\/from-the-fahr-side.ch\/wp-content\/uploads\/2019\/01\/Strand-von-Nazar\u00e9-1024x768-640x480.jpg 2x\" data-envira-width=\"300\" data-envira-height=\"225\" srcset=\"data:image\/gif;base64,R0lGODlhAQABAIAAAP\/\/\/\/\/\/\/yH5BAEKAAEALAAAAAABAAEAAAICTAEAOw==\" data-safe-src=\"data:image\/gif;base64,R0lGODlhAQABAIAAAP\/\/\/\/\/\/\/yH5BAEKAAEALAAAAAABAAEAAAICTAEAOw==\" \/><\/a><\/div><\/div><div id=\"envira-gallery-item-330\" class=\"envira-gallery-item enviratope-item envira-gallery-item-6 envira-lazy-load\" style=\"padding-left: 1px; padding-bottom: 1px; padding-right: 1px;\"  itemscope itemtype=\"https:\/\/schema.org\/ImageObject\"><div class=\"envira-gallery-item-inner\"><div class=\"envira-gallery-position-overlay  envira-gallery-top-left\"><\/div><div class=\"envira-gallery-position-overlay  envira-gallery-top-right\"><\/div><div class=\"envira-gallery-position-overlay  envira-gallery-bottom-left\"><\/div><div class=\"envira-gallery-position-overlay  envira-gallery-bottom-right\"><\/div><a href=\"https:\/\/from-the-fahr-side.ch\/wp-content\/uploads\/2019\/01\/Surfer-in-der-einsamen-Bucht.jpg\" class=\"envira-gallery-324 envira-gallery-link\" rel=\"enviragallery324\" title=\"Surfer in der einsamen Bucht\" data-envira-caption=\"Surfer in der einsamen Bucht\" data-envira-retina=\"\" data-thumbnail=\"\"  itemprop=\"contentUrl\"><img decoding=\"async\" id=\"envira-gallery-image-330\" class=\"envira-gallery-image envira-gallery-image-6 envira-normal envira-lazy\" data-envira-index=\"6\" src=\"https:\/\/from-the-fahr-side.ch\/wp-content\/uploads\/2019\/01\/Surfer-in-der-einsamen-Bucht-1024x768-640x480.jpg\" data-envira-src=\"https:\/\/from-the-fahr-side.ch\/wp-content\/uploads\/2019\/01\/Surfer-in-der-einsamen-Bucht-1024x768-640x480.jpg\" data-envira-gallery-id=\"324\" data-envira-item-id=\"330\" data-envira-caption=\"Surfer in der einsamen Bucht\" alt=\"\" title=\"Surfer in der einsamen Bucht\"  itemprop=\"thumbnailUrl\" data-envira-srcset=\"https:\/\/from-the-fahr-side.ch\/wp-content\/uploads\/2019\/01\/Surfer-in-der-einsamen-Bucht-1024x768-640x480.jpg 400w,https:\/\/from-the-fahr-side.ch\/wp-content\/uploads\/2019\/01\/Surfer-in-der-einsamen-Bucht-1024x768-640x480.jpg 2x\" data-envira-width=\"300\" data-envira-height=\"225\" srcset=\"data:image\/gif;base64,R0lGODlhAQABAIAAAP\/\/\/\/\/\/\/yH5BAEKAAEALAAAAAABAAEAAAICTAEAOw==\" data-safe-src=\"data:image\/gif;base64,R0lGODlhAQABAIAAAP\/\/\/\/\/\/\/yH5BAEKAAEALAAAAAABAAEAAAICTAEAOw==\" \/><\/a><\/div><\/div><div id=\"envira-gallery-item-331\" class=\"envira-gallery-item enviratope-item envira-gallery-item-7 envira-lazy-load\" style=\"padding-left: 1px; padding-bottom: 1px; padding-right: 1px;\"  itemscope itemtype=\"https:\/\/schema.org\/ImageObject\"><div class=\"envira-gallery-item-inner\"><div class=\"envira-gallery-position-overlay  envira-gallery-top-left\"><\/div><div class=\"envira-gallery-position-overlay  envira-gallery-top-right\"><\/div><div class=\"envira-gallery-position-overlay  envira-gallery-bottom-left\"><\/div><div class=\"envira-gallery-position-overlay  envira-gallery-bottom-right\"><\/div><a href=\"https:\/\/from-the-fahr-side.ch\/wp-content\/uploads\/2019\/01\/Logenplatz-ist-schon-besetzt.jpg\" class=\"envira-gallery-324 envira-gallery-link\" rel=\"enviragallery324\" title=\"Logenplatz ist schon besetzt\" data-envira-caption=\"Logenplatz ist schon besetzt\" data-envira-retina=\"\" data-thumbnail=\"\"  itemprop=\"contentUrl\"><img decoding=\"async\" id=\"envira-gallery-image-331\" class=\"envira-gallery-image envira-gallery-image-7 envira-normal envira-lazy\" data-envira-index=\"7\" src=\"https:\/\/from-the-fahr-side.ch\/wp-content\/uploads\/2019\/01\/Logenplatz-ist-schon-besetzt-1024x768-640x480.jpg\" data-envira-src=\"https:\/\/from-the-fahr-side.ch\/wp-content\/uploads\/2019\/01\/Logenplatz-ist-schon-besetzt-1024x768-640x480.jpg\" data-envira-gallery-id=\"324\" data-envira-item-id=\"331\" data-envira-caption=\"Logenplatz ist schon besetzt\" alt=\"\" title=\"Logenplatz ist schon besetzt\"  itemprop=\"thumbnailUrl\" data-envira-srcset=\"https:\/\/from-the-fahr-side.ch\/wp-content\/uploads\/2019\/01\/Logenplatz-ist-schon-besetzt-1024x768-640x480.jpg 400w,https:\/\/from-the-fahr-side.ch\/wp-content\/uploads\/2019\/01\/Logenplatz-ist-schon-besetzt-1024x768-640x480.jpg 2x\" data-envira-width=\"300\" data-envira-height=\"225\" srcset=\"data:image\/gif;base64,R0lGODlhAQABAIAAAP\/\/\/\/\/\/\/yH5BAEKAAEALAAAAAABAAEAAAICTAEAOw==\" data-safe-src=\"data:image\/gif;base64,R0lGODlhAQABAIAAAP\/\/\/\/\/\/\/yH5BAEKAAEALAAAAAABAAEAAAICTAEAOw==\" \/><\/a><\/div><\/div><div id=\"envira-gallery-item-335\" class=\"envira-gallery-item enviratope-item envira-gallery-item-8 envira-lazy-load\" style=\"padding-left: 1px; padding-bottom: 1px; padding-right: 1px;\"  itemscope itemtype=\"https:\/\/schema.org\/ImageObject\"><div class=\"envira-gallery-item-inner\"><div class=\"envira-gallery-position-overlay  envira-gallery-top-left\"><\/div><div class=\"envira-gallery-position-overlay  envira-gallery-top-right\"><\/div><div class=\"envira-gallery-position-overlay  envira-gallery-bottom-left\"><\/div><div class=\"envira-gallery-position-overlay  envira-gallery-bottom-right\"><\/div><a href=\"https:\/\/from-the-fahr-side.ch\/wp-content\/uploads\/2019\/01\/Ueberraschung.jpg\" class=\"envira-gallery-324 envira-gallery-link\" rel=\"enviragallery324\" title=\"Ueberraschung\" data-envira-caption=\"Ueberraschung\" data-envira-retina=\"\" data-thumbnail=\"\"  itemprop=\"contentUrl\"><img decoding=\"async\" id=\"envira-gallery-image-335\" class=\"envira-gallery-image envira-gallery-image-8 envira-normal envira-lazy\" data-envira-index=\"8\" src=\"https:\/\/from-the-fahr-side.ch\/wp-content\/uploads\/2019\/01\/Ueberraschung-1024x768-640x480.jpg\" data-envira-src=\"https:\/\/from-the-fahr-side.ch\/wp-content\/uploads\/2019\/01\/Ueberraschung-1024x768-640x480.jpg\" data-envira-gallery-id=\"324\" data-envira-item-id=\"335\" data-envira-caption=\"Ueberraschung\" alt=\"\" title=\"Ueberraschung\"  itemprop=\"thumbnailUrl\" data-envira-srcset=\"https:\/\/from-the-fahr-side.ch\/wp-content\/uploads\/2019\/01\/Ueberraschung-1024x768-640x480.jpg 400w,https:\/\/from-the-fahr-side.ch\/wp-content\/uploads\/2019\/01\/Ueberraschung-1024x768-640x480.jpg 2x\" data-envira-width=\"300\" data-envira-height=\"225\" srcset=\"data:image\/gif;base64,R0lGODlhAQABAIAAAP\/\/\/\/\/\/\/yH5BAEKAAEALAAAAAABAAEAAAICTAEAOw==\" data-safe-src=\"data:image\/gif;base64,R0lGODlhAQABAIAAAP\/\/\/\/\/\/\/yH5BAEKAAEALAAAAAABAAEAAAICTAEAOw==\" \/><\/a><\/div><\/div><div id=\"envira-gallery-item-336\" class=\"envira-gallery-item enviratope-item envira-gallery-item-9 envira-lazy-load\" style=\"padding-left: 1px; padding-bottom: 1px; padding-right: 1px;\"  itemscope itemtype=\"https:\/\/schema.org\/ImageObject\"><div class=\"envira-gallery-item-inner\"><div class=\"envira-gallery-position-overlay  envira-gallery-top-left\"><\/div><div class=\"envira-gallery-position-overlay  envira-gallery-top-right\"><\/div><div class=\"envira-gallery-position-overlay  envira-gallery-bottom-left\"><\/div><div class=\"envira-gallery-position-overlay  envira-gallery-bottom-right\"><\/div><a href=\"https:\/\/from-the-fahr-side.ch\/wp-content\/uploads\/2019\/01\/thronen-\u00fcber-dem-Meer.jpg\" class=\"envira-gallery-324 envira-gallery-link\" rel=\"enviragallery324\" title=\"thronen \u00fcber dem Meer\" data-envira-caption=\"thronen \u00fcber dem Meer\" data-envira-retina=\"\" data-thumbnail=\"\"  itemprop=\"contentUrl\"><img decoding=\"async\" id=\"envira-gallery-image-336\" class=\"envira-gallery-image envira-gallery-image-9 envira-normal envira-lazy\" data-envira-index=\"9\" src=\"https:\/\/from-the-fahr-side.ch\/wp-content\/uploads\/2019\/01\/thronen-\u00fcber-dem-Meer-1024x768-640x480.jpg\" data-envira-src=\"https:\/\/from-the-fahr-side.ch\/wp-content\/uploads\/2019\/01\/thronen-\u00fcber-dem-Meer-1024x768-640x480.jpg\" data-envira-gallery-id=\"324\" data-envira-item-id=\"336\" data-envira-caption=\"thronen \u00fcber dem Meer\" alt=\"\" title=\"thronen \u00fcber dem Meer\"  itemprop=\"thumbnailUrl\" data-envira-srcset=\"https:\/\/from-the-fahr-side.ch\/wp-content\/uploads\/2019\/01\/thronen-\u00fcber-dem-Meer-1024x768-640x480.jpg 400w,https:\/\/from-the-fahr-side.ch\/wp-content\/uploads\/2019\/01\/thronen-\u00fcber-dem-Meer-1024x768-640x480.jpg 2x\" data-envira-width=\"300\" data-envira-height=\"225\" srcset=\"data:image\/gif;base64,R0lGODlhAQABAIAAAP\/\/\/\/\/\/\/yH5BAEKAAEALAAAAAABAAEAAAICTAEAOw==\" data-safe-src=\"data:image\/gif;base64,R0lGODlhAQABAIAAAP\/\/\/\/\/\/\/yH5BAEKAAEALAAAAAABAAEAAAICTAEAOw==\" \/><\/a><\/div><\/div><div id=\"envira-gallery-item-342\" class=\"envira-gallery-item enviratope-item envira-gallery-item-10 envira-lazy-load\" style=\"padding-left: 1px; padding-bottom: 1px; padding-right: 1px;\"  itemscope itemtype=\"https:\/\/schema.org\/ImageObject\"><div class=\"envira-gallery-item-inner\"><div class=\"envira-gallery-position-overlay  envira-gallery-top-left\"><\/div><div class=\"envira-gallery-position-overlay  envira-gallery-top-right\"><\/div><div class=\"envira-gallery-position-overlay  envira-gallery-bottom-left\"><\/div><div class=\"envira-gallery-position-overlay  envira-gallery-bottom-right\"><\/div><a href=\"https:\/\/from-the-fahr-side.ch\/wp-content\/uploads\/2019\/01\/Boca-de-Rio.jpg\" class=\"envira-gallery-324 envira-gallery-link\" rel=\"enviragallery324\" title=\"Boca de Rio\" data-envira-caption=\"Boca de Rio\" data-envira-retina=\"\" data-thumbnail=\"\"  itemprop=\"contentUrl\"><img decoding=\"async\" id=\"envira-gallery-image-342\" class=\"envira-gallery-image envira-gallery-image-10 envira-normal envira-lazy\" data-envira-index=\"10\" src=\"https:\/\/from-the-fahr-side.ch\/wp-content\/uploads\/2019\/01\/Boca-de-Rio-1024x768-640x480.jpg\" data-envira-src=\"https:\/\/from-the-fahr-side.ch\/wp-content\/uploads\/2019\/01\/Boca-de-Rio-1024x768-640x480.jpg\" data-envira-gallery-id=\"324\" data-envira-item-id=\"342\" data-envira-caption=\"Boca de Rio\" alt=\"\" title=\"Boca de Rio\"  itemprop=\"thumbnailUrl\" data-envira-srcset=\"https:\/\/from-the-fahr-side.ch\/wp-content\/uploads\/2019\/01\/Boca-de-Rio-1024x768-640x480.jpg 400w,https:\/\/from-the-fahr-side.ch\/wp-content\/uploads\/2019\/01\/Boca-de-Rio-1024x768-640x480.jpg 2x\" data-envira-width=\"300\" data-envira-height=\"225\" srcset=\"data:image\/gif;base64,R0lGODlhAQABAIAAAP\/\/\/\/\/\/\/yH5BAEKAAEALAAAAAABAAEAAAICTAEAOw==\" data-safe-src=\"data:image\/gif;base64,R0lGODlhAQABAIAAAP\/\/\/\/\/\/\/yH5BAEKAAEALAAAAAABAAEAAAICTAEAOw==\" \/><\/a><\/div><\/div><div id=\"envira-gallery-item-343\" class=\"envira-gallery-item enviratope-item envira-gallery-item-11 envira-lazy-load\" style=\"padding-left: 1px; padding-bottom: 1px; padding-right: 1px;\"  itemscope itemtype=\"https:\/\/schema.org\/ImageObject\"><div class=\"envira-gallery-item-inner\"><div class=\"envira-gallery-position-overlay  envira-gallery-top-left\"><\/div><div class=\"envira-gallery-position-overlay  envira-gallery-top-right\"><\/div><div class=\"envira-gallery-position-overlay  envira-gallery-bottom-left\"><\/div><div class=\"envira-gallery-position-overlay  envira-gallery-bottom-right\"><\/div><a href=\"https:\/\/from-the-fahr-side.ch\/wp-content\/uploads\/2019\/01\/Strand-bei-San-Andre.jpg\" class=\"envira-gallery-324 envira-gallery-link\" rel=\"enviragallery324\" title=\"Strand bei San Andre\" data-envira-caption=\"Strand bei San Andre\" data-envira-retina=\"\" data-thumbnail=\"\"  itemprop=\"contentUrl\"><img decoding=\"async\" id=\"envira-gallery-image-343\" class=\"envira-gallery-image envira-gallery-image-11 envira-normal envira-lazy\" data-envira-index=\"11\" src=\"https:\/\/from-the-fahr-side.ch\/wp-content\/uploads\/2019\/01\/Strand-bei-San-Andre-1024x768-640x480.jpg\" data-envira-src=\"https:\/\/from-the-fahr-side.ch\/wp-content\/uploads\/2019\/01\/Strand-bei-San-Andre-1024x768-640x480.jpg\" data-envira-gallery-id=\"324\" data-envira-item-id=\"343\" data-envira-caption=\"Strand bei San Andre\" alt=\"\" title=\"Strand bei San Andre\"  itemprop=\"thumbnailUrl\" data-envira-srcset=\"https:\/\/from-the-fahr-side.ch\/wp-content\/uploads\/2019\/01\/Strand-bei-San-Andre-1024x768-640x480.jpg 400w,https:\/\/from-the-fahr-side.ch\/wp-content\/uploads\/2019\/01\/Strand-bei-San-Andre-1024x768-640x480.jpg 2x\" data-envira-width=\"300\" data-envira-height=\"225\" srcset=\"data:image\/gif;base64,R0lGODlhAQABAIAAAP\/\/\/\/\/\/\/yH5BAEKAAEALAAAAAABAAEAAAICTAEAOw==\" data-safe-src=\"data:image\/gif;base64,R0lGODlhAQABAIAAAP\/\/\/\/\/\/\/yH5BAEKAAEALAAAAAABAAEAAAICTAEAOw==\" \/><\/a><\/div><\/div><div id=\"envira-gallery-item-344\" class=\"envira-gallery-item enviratope-item envira-gallery-item-12 envira-lazy-load\" style=\"padding-left: 1px; padding-bottom: 1px; padding-right: 1px;\"  itemscope itemtype=\"https:\/\/schema.org\/ImageObject\"><div class=\"envira-gallery-item-inner\"><div class=\"envira-gallery-position-overlay  envira-gallery-top-left\"><\/div><div class=\"envira-gallery-position-overlay  envira-gallery-top-right\"><\/div><div class=\"envira-gallery-position-overlay  envira-gallery-bottom-left\"><\/div><div class=\"envira-gallery-position-overlay  envira-gallery-bottom-right\"><\/div><a href=\"https:\/\/from-the-fahr-side.ch\/wp-content\/uploads\/2019\/01\/Falesia-2.jpg\" class=\"envira-gallery-324 envira-gallery-link\" rel=\"enviragallery324\" title=\"Falesia 2\" data-envira-caption=\"Falesia 2\" data-envira-retina=\"\" data-thumbnail=\"\"  itemprop=\"contentUrl\"><img decoding=\"async\" id=\"envira-gallery-image-344\" class=\"envira-gallery-image envira-gallery-image-12 envira-normal envira-lazy\" data-envira-index=\"12\" src=\"https:\/\/from-the-fahr-side.ch\/wp-content\/uploads\/2019\/01\/Falesia-2-1024x768-640x480.jpg\" data-envira-src=\"https:\/\/from-the-fahr-side.ch\/wp-content\/uploads\/2019\/01\/Falesia-2-1024x768-640x480.jpg\" data-envira-gallery-id=\"324\" data-envira-item-id=\"344\" data-envira-caption=\"Falesia 2\" alt=\"\" title=\"Falesia 2\"  itemprop=\"thumbnailUrl\" data-envira-srcset=\"https:\/\/from-the-fahr-side.ch\/wp-content\/uploads\/2019\/01\/Falesia-2-1024x768-640x480.jpg 400w,https:\/\/from-the-fahr-side.ch\/wp-content\/uploads\/2019\/01\/Falesia-2-1024x768-640x480.jpg 2x\" data-envira-width=\"300\" data-envira-height=\"225\" srcset=\"data:image\/gif;base64,R0lGODlhAQABAIAAAP\/\/\/\/\/\/\/yH5BAEKAAEALAAAAAABAAEAAAICTAEAOw==\" data-safe-src=\"data:image\/gif;base64,R0lGODlhAQABAIAAAP\/\/\/\/\/\/\/yH5BAEKAAEALAAAAAABAAEAAAICTAEAOw==\" \/><\/a><\/div><\/div><\/div><\/div><noscript><img decoding=\"async\" src=\"https:\/\/from-the-fahr-side.ch\/wp-content\/uploads\/2019\/01\/Maria-besch\u00fctzt-die-Seefahrer.jpg\" alt=\"\" \/><img decoding=\"async\" src=\"https:\/\/from-the-fahr-side.ch\/wp-content\/uploads\/2019\/01\/wilde-K\u00fcste-in-Porto-Covo-.jpg\" alt=\"\" \/><img decoding=\"async\" src=\"https:\/\/from-the-fahr-side.ch\/wp-content\/uploads\/2019\/01\/tosende-Wellen.jpg\" alt=\"\" \/><img decoding=\"async\" src=\"https:\/\/from-the-fahr-side.ch\/wp-content\/uploads\/2019\/01\/the-big-wave.jpg\" alt=\"\" \/><img decoding=\"async\" src=\"https:\/\/from-the-fahr-side.ch\/wp-content\/uploads\/2019\/01\/Strand-von-Nazar\u00e9.jpg\" alt=\"\" \/><img decoding=\"async\" src=\"https:\/\/from-the-fahr-side.ch\/wp-content\/uploads\/2019\/01\/Surfer-in-der-einsamen-Bucht.jpg\" alt=\"\" \/><img decoding=\"async\" src=\"https:\/\/from-the-fahr-side.ch\/wp-content\/uploads\/2019\/01\/Logenplatz-ist-schon-besetzt.jpg\" alt=\"\" \/><img decoding=\"async\" src=\"https:\/\/from-the-fahr-side.ch\/wp-content\/uploads\/2019\/01\/Ueberraschung.jpg\" alt=\"\" \/><img decoding=\"async\" src=\"https:\/\/from-the-fahr-side.ch\/wp-content\/uploads\/2019\/01\/thronen-\u00fcber-dem-Meer.jpg\" alt=\"\" \/><img decoding=\"async\" src=\"https:\/\/from-the-fahr-side.ch\/wp-content\/uploads\/2019\/01\/Boca-de-Rio.jpg\" alt=\"\" \/><img decoding=\"async\" src=\"https:\/\/from-the-fahr-side.ch\/wp-content\/uploads\/2019\/01\/Strand-bei-San-Andre.jpg\" alt=\"\" \/><img decoding=\"async\" src=\"https:\/\/from-the-fahr-side.ch\/wp-content\/uploads\/2019\/01\/Falesia-2.jpg\" alt=\"\" \/><\/noscript><\/div>\n\n\n\n<p>Abseits der grossen Strassen gelangen wir in der N\u00e4he von Evora in ein grosses Gebiet mit Korkeichen. Die Felder sind eingez\u00e4unt und schon bald sehen wir warum. Nicht nur Kork wird hier gewonnen, sondern hier gedeihen auch pr\u00e4chtige Freilandschweine.<\/p>\n\n\n\n<div class=\"wp-block-envira-envira-gallery\"><div id=\"envira-gallery-wrap-357\" class=\"envira-gallery-wrap envira-gallery-theme-base envira-lightbox-theme-base_dark\" itemscope itemtype=\"https:\/\/schema.org\/ImageGallery\"><div style=\"opacity: 0.0\"  data-row-height=\"200\" data-gallery-theme=\"normal\" id=\"envira-gallery-357\" class=\"envira-gallery-public envira-gallery-justified-public envira-gallery-0-columns envira-clear enviratope envira-gallery-css-animations\" data-envira-columns=\"0\"><div id=\"envira-gallery-item-361\" class=\"envira-gallery-item enviratope-item envira-gallery-item-1 envira-lazy-load\" style=\"padding-left: 1px; padding-bottom: 1px; padding-right: 1px;\"  itemscope itemtype=\"https:\/\/schema.org\/ImageObject\"><div class=\"envira-gallery-item-inner\"><div class=\"envira-gallery-position-overlay  envira-gallery-top-left\"><\/div><div class=\"envira-gallery-position-overlay  envira-gallery-top-right\"><\/div><div class=\"envira-gallery-position-overlay  envira-gallery-bottom-left\"><\/div><div class=\"envira-gallery-position-overlay  envira-gallery-bottom-right\"><\/div><a href=\"https:\/\/from-the-fahr-side.ch\/wp-content\/uploads\/2019\/01\/Freiland.jpg\" class=\"envira-gallery-357 envira-gallery-link\" rel=\"enviragallery357\" title=\"Freiland\" data-envira-caption=\"Freiland\" data-envira-retina=\"\" data-thumbnail=\"\"  itemprop=\"contentUrl\"><img decoding=\"async\" id=\"envira-gallery-image-361\" class=\"envira-gallery-image envira-gallery-image-1 envira-normal envira-lazy\" data-envira-index=\"1\" src=\"https:\/\/from-the-fahr-side.ch\/wp-content\/uploads\/2019\/01\/Freiland-1024x768-640x480.jpg\" data-envira-src=\"https:\/\/from-the-fahr-side.ch\/wp-content\/uploads\/2019\/01\/Freiland-1024x768-640x480.jpg\" data-envira-gallery-id=\"357\" data-envira-item-id=\"361\" data-envira-caption=\"Freiland\" alt=\"\" title=\"Freiland\"  itemprop=\"thumbnailUrl\" data-envira-srcset=\"https:\/\/from-the-fahr-side.ch\/wp-content\/uploads\/2019\/01\/Freiland-1024x768-640x480.jpg 400w,https:\/\/from-the-fahr-side.ch\/wp-content\/uploads\/2019\/01\/Freiland-1024x768-640x480.jpg 2x\" data-envira-width=\"300\" data-envira-height=\"225\" srcset=\"data:image\/gif;base64,R0lGODlhAQABAIAAAP\/\/\/\/\/\/\/yH5BAEKAAEALAAAAAABAAEAAAICTAEAOw==\" data-safe-src=\"data:image\/gif;base64,R0lGODlhAQABAIAAAP\/\/\/\/\/\/\/yH5BAEKAAEALAAAAAABAAEAAAICTAEAOw==\" \/><\/a><\/div><\/div><div id=\"envira-gallery-item-363\" class=\"envira-gallery-item enviratope-item envira-gallery-item-2 envira-lazy-load\" style=\"padding-left: 1px; padding-bottom: 1px; padding-right: 1px;\"  itemscope itemtype=\"https:\/\/schema.org\/ImageObject\"><div class=\"envira-gallery-item-inner\"><div class=\"envira-gallery-position-overlay  envira-gallery-top-left\"><\/div><div class=\"envira-gallery-position-overlay  envira-gallery-top-right\"><\/div><div class=\"envira-gallery-position-overlay  envira-gallery-bottom-left\"><\/div><div class=\"envira-gallery-position-overlay  envira-gallery-bottom-right\"><\/div><a href=\"https:\/\/from-the-fahr-side.ch\/wp-content\/uploads\/2019\/01\/umpfl\u00fcgen.jpg\" class=\"envira-gallery-357 envira-gallery-link\" rel=\"enviragallery357\" title=\"umpfl\u00fcgen\" data-envira-caption=\"umpfl\u00fcgen\" data-envira-retina=\"\" data-thumbnail=\"\"  itemprop=\"contentUrl\"><img decoding=\"async\" id=\"envira-gallery-image-363\" class=\"envira-gallery-image envira-gallery-image-2 envira-normal envira-lazy\" data-envira-index=\"2\" src=\"https:\/\/from-the-fahr-side.ch\/wp-content\/uploads\/2019\/01\/umpfl\u00fcgen-1024x768-640x480.jpg\" data-envira-src=\"https:\/\/from-the-fahr-side.ch\/wp-content\/uploads\/2019\/01\/umpfl\u00fcgen-1024x768-640x480.jpg\" data-envira-gallery-id=\"357\" data-envira-item-id=\"363\" data-envira-caption=\"umpfl\u00fcgen\" alt=\"\" title=\"umpfl\u00fcgen\"  itemprop=\"thumbnailUrl\" data-envira-srcset=\"https:\/\/from-the-fahr-side.ch\/wp-content\/uploads\/2019\/01\/umpfl\u00fcgen-1024x768-640x480.jpg 400w,https:\/\/from-the-fahr-side.ch\/wp-content\/uploads\/2019\/01\/umpfl\u00fcgen-1024x768-640x480.jpg 2x\" data-envira-width=\"300\" data-envira-height=\"225\" srcset=\"data:image\/gif;base64,R0lGODlhAQABAIAAAP\/\/\/\/\/\/\/yH5BAEKAAEALAAAAAABAAEAAAICTAEAOw==\" data-safe-src=\"data:image\/gif;base64,R0lGODlhAQABAIAAAP\/\/\/\/\/\/\/yH5BAEKAAEALAAAAAABAAEAAAICTAEAOw==\" \/><\/a><\/div><\/div><\/div><\/div><noscript><img decoding=\"async\" src=\"https:\/\/from-the-fahr-side.ch\/wp-content\/uploads\/2019\/01\/Freiland.jpg\" alt=\"\" \/><img decoding=\"async\" src=\"https:\/\/from-the-fahr-side.ch\/wp-content\/uploads\/2019\/01\/umpfl\u00fcgen.jpg\" alt=\"\" \/><\/noscript><\/div>\n\n\n\n<p>Aber wie entsteht nun ein Korkzapfen und was bedeuten die aufgemalten Ziffern an den abgerindeten B\u00e4umen?<\/p>\n\n\n\n<figure class=\"wp-block-image\"><img loading=\"lazy\" decoding=\"async\" width=\"768\" height=\"1024\" src=\"https:\/\/from-the-fahr-side.ch\/wp-content\/uploads\/2019\/01\/2016-768x1024.jpg\" alt=\"\" class=\"wp-image-369\" srcset=\"https:\/\/from-the-fahr-side.ch\/wp-content\/uploads\/2019\/01\/2016.jpg 768w, https:\/\/from-the-fahr-side.ch\/wp-content\/uploads\/2019\/01\/2016-225x300.jpg 225w\" sizes=\"auto, (max-width: 768px) 100vw, 768px\" \/><\/figure>\n\n\n\n<p>Wir finden in Arzaruja die Korkverarbeitungsfabrik Korkarte und erhalten eine wunderbare Erkl\u00e4rung zur Korkverarbeitung:<br>Die Korkeichen k\u00f6nnen im Alter von 25 Jahren zum ersten Mal geerntet (abgerindet) werden und dann alle 9 Jahre wieder. Das Erntejahr wird auf dem Baum markiert. Abgerindet wird von Hand, maschinell k\u00e4me es viel zu oft zu einer Verletzung der inneren Rinde und eine solche \u00fcberlebt die Eiche nicht. Geerntet wird in den Sommermonaten, danach wird die Rinde getrocknet und 2x gebr\u00fcht und wieder getrocknet. Damit wird sie flexibel und Kork kann nun gewonnen werden. Ab einer Korkdicke von 3.5cm k\u00f6nnen Weinzapfen gestanzt werden. Eine solche Rindendicke haben B\u00e4ume erst in einem Alter von 45 Jahren. Es ist also Geduld gefragt, aber ein gut gepflegter Baum wird \u00fcber 100 j\u00e4hrig! Es wird nichts weggeworfen, dazu ist Kork viel zu kostbar. D\u00fcnner Kork wird z.B. zu Bodenplatten oder Geschenkartikeln verarbeitet und Abschnitte zu gepresstem Kork (billigere Weinzapfen) und Pellets, die als Isolationsmaterial dienen.<br><\/p>\n\n\n\n<div class=\"wp-block-envira-envira-gallery\"><div id=\"envira-gallery-wrap-378\" class=\"envira-gallery-wrap envira-gallery-theme-base envira-lightbox-theme-base_dark\" itemscope itemtype=\"https:\/\/schema.org\/ImageGallery\"><div style=\"opacity: 0.0\"  data-row-height=\"200\" data-gallery-theme=\"normal\" id=\"envira-gallery-378\" class=\"envira-gallery-public envira-gallery-justified-public envira-gallery-0-columns envira-clear enviratope envira-gallery-css-animations\" data-envira-columns=\"0\"><div id=\"envira-gallery-item-381\" class=\"envira-gallery-item enviratope-item envira-gallery-item-1 envira-lazy-load\" style=\"padding-left: 1px; padding-bottom: 1px; padding-right: 1px;\"  itemscope itemtype=\"https:\/\/schema.org\/ImageObject\"><div class=\"envira-gallery-item-inner\"><div class=\"envira-gallery-position-overlay  envira-gallery-top-left\"><\/div><div class=\"envira-gallery-position-overlay  envira-gallery-top-right\"><\/div><div class=\"envira-gallery-position-overlay  envira-gallery-bottom-left\"><\/div><div class=\"envira-gallery-position-overlay  envira-gallery-bottom-right\"><\/div><a href=\"https:\/\/from-the-fahr-side.ch\/wp-content\/uploads\/2019\/01\/kostbare-Beige.jpg\" class=\"envira-gallery-378 envira-gallery-link\" rel=\"enviragallery378\" title=\"kostbare Beige\" data-envira-caption=\"kostbare Beige\" data-envira-retina=\"\" data-thumbnail=\"\"  itemprop=\"contentUrl\"><img decoding=\"async\" id=\"envira-gallery-image-381\" class=\"envira-gallery-image envira-gallery-image-1 envira-normal envira-lazy\" data-envira-index=\"1\" src=\"https:\/\/from-the-fahr-side.ch\/wp-content\/uploads\/2019\/01\/kostbare-Beige-1024x768-640x480.jpg\" data-envira-src=\"https:\/\/from-the-fahr-side.ch\/wp-content\/uploads\/2019\/01\/kostbare-Beige-1024x768-640x480.jpg\" data-envira-gallery-id=\"378\" data-envira-item-id=\"381\" data-envira-caption=\"kostbare Beige\" alt=\"\" title=\"kostbare Beige\"  itemprop=\"thumbnailUrl\" data-envira-srcset=\"https:\/\/from-the-fahr-side.ch\/wp-content\/uploads\/2019\/01\/kostbare-Beige-1024x768-640x480.jpg 400w,https:\/\/from-the-fahr-side.ch\/wp-content\/uploads\/2019\/01\/kostbare-Beige-1024x768-640x480.jpg 2x\" data-envira-width=\"300\" data-envira-height=\"225\" srcset=\"data:image\/gif;base64,R0lGODlhAQABAIAAAP\/\/\/\/\/\/\/yH5BAEKAAEALAAAAAABAAEAAAICTAEAOw==\" data-safe-src=\"data:image\/gif;base64,R0lGODlhAQABAIAAAP\/\/\/\/\/\/\/yH5BAEKAAEALAAAAAABAAEAAAICTAEAOw==\" \/><\/a><\/div><\/div><div id=\"envira-gallery-item-379\" class=\"envira-gallery-item enviratope-item envira-gallery-item-2 envira-lazy-load\" style=\"padding-left: 1px; padding-bottom: 1px; padding-right: 1px;\"  itemscope itemtype=\"https:\/\/schema.org\/ImageObject\"><div class=\"envira-gallery-item-inner\"><div class=\"envira-gallery-position-overlay  envira-gallery-top-left\"><\/div><div class=\"envira-gallery-position-overlay  envira-gallery-top-right\"><\/div><div class=\"envira-gallery-position-overlay  envira-gallery-bottom-left\"><\/div><div class=\"envira-gallery-position-overlay  envira-gallery-bottom-right\"><\/div><a href=\"https:\/\/from-the-fahr-side.ch\/wp-content\/uploads\/2019\/01\/bereit-f\u00fcr-die-Verarbeitung.jpg\" class=\"envira-gallery-378 envira-gallery-link\" rel=\"enviragallery378\" title=\"bereit f\u00fcr die Verarbeitung\" data-envira-caption=\"bereit f\u00fcr die Verarbeitung\" data-envira-retina=\"\" data-thumbnail=\"\"  itemprop=\"contentUrl\"><img decoding=\"async\" id=\"envira-gallery-image-379\" class=\"envira-gallery-image envira-gallery-image-2 envira-normal envira-lazy\" data-envira-index=\"2\" src=\"https:\/\/from-the-fahr-side.ch\/wp-content\/uploads\/2019\/01\/bereit-f\u00fcr-die-Verarbeitung-1024x768-640x480.jpg\" data-envira-src=\"https:\/\/from-the-fahr-side.ch\/wp-content\/uploads\/2019\/01\/bereit-f\u00fcr-die-Verarbeitung-1024x768-640x480.jpg\" data-envira-gallery-id=\"378\" data-envira-item-id=\"379\" data-envira-caption=\"bereit f\u00fcr die Verarbeitung\" alt=\"\" title=\"bereit f\u00fcr die Verarbeitung\"  itemprop=\"thumbnailUrl\" data-envira-srcset=\"https:\/\/from-the-fahr-side.ch\/wp-content\/uploads\/2019\/01\/bereit-f\u00fcr-die-Verarbeitung-1024x768-640x480.jpg 400w,https:\/\/from-the-fahr-side.ch\/wp-content\/uploads\/2019\/01\/bereit-f\u00fcr-die-Verarbeitung-1024x768-640x480.jpg 2x\" data-envira-width=\"300\" data-envira-height=\"225\" srcset=\"data:image\/gif;base64,R0lGODlhAQABAIAAAP\/\/\/\/\/\/\/yH5BAEKAAEALAAAAAABAAEAAAICTAEAOw==\" data-safe-src=\"data:image\/gif;base64,R0lGODlhAQABAIAAAP\/\/\/\/\/\/\/yH5BAEKAAEALAAAAAABAAEAAAICTAEAOw==\" \/><\/a><\/div><\/div><div id=\"envira-gallery-item-382\" class=\"envira-gallery-item enviratope-item envira-gallery-item-3 envira-lazy-load\" style=\"padding-left: 1px; padding-bottom: 1px; padding-right: 1px;\"  itemscope itemtype=\"https:\/\/schema.org\/ImageObject\"><div class=\"envira-gallery-item-inner\"><div class=\"envira-gallery-position-overlay  envira-gallery-top-left\"><\/div><div class=\"envira-gallery-position-overlay  envira-gallery-top-right\"><\/div><div class=\"envira-gallery-position-overlay  envira-gallery-bottom-left\"><\/div><div class=\"envira-gallery-position-overlay  envira-gallery-bottom-right\"><\/div><a href=\"https:\/\/from-the-fahr-side.ch\/wp-content\/uploads\/2019\/01\/Korkzapfen.jpg\" class=\"envira-gallery-378 envira-gallery-link\" rel=\"enviragallery378\" title=\"Korkzapfen\" data-envira-caption=\"Korkzapfen\" data-envira-retina=\"\" data-thumbnail=\"\"  itemprop=\"contentUrl\"><img decoding=\"async\" id=\"envira-gallery-image-382\" class=\"envira-gallery-image envira-gallery-image-3 envira-normal envira-lazy\" data-envira-index=\"3\" src=\"https:\/\/from-the-fahr-side.ch\/wp-content\/uploads\/2019\/01\/Korkzapfen-1024x768-640x480.jpg\" data-envira-src=\"https:\/\/from-the-fahr-side.ch\/wp-content\/uploads\/2019\/01\/Korkzapfen-1024x768-640x480.jpg\" data-envira-gallery-id=\"378\" data-envira-item-id=\"382\" data-envira-caption=\"Korkzapfen\" alt=\"\" title=\"Korkzapfen\"  itemprop=\"thumbnailUrl\" data-envira-srcset=\"https:\/\/from-the-fahr-side.ch\/wp-content\/uploads\/2019\/01\/Korkzapfen-1024x768-640x480.jpg 400w,https:\/\/from-the-fahr-side.ch\/wp-content\/uploads\/2019\/01\/Korkzapfen-1024x768-640x480.jpg 2x\" data-envira-width=\"300\" data-envira-height=\"225\" srcset=\"data:image\/gif;base64,R0lGODlhAQABAIAAAP\/\/\/\/\/\/\/yH5BAEKAAEALAAAAAABAAEAAAICTAEAOw==\" data-safe-src=\"data:image\/gif;base64,R0lGODlhAQABAIAAAP\/\/\/\/\/\/\/yH5BAEKAAEALAAAAAABAAEAAAICTAEAOw==\" \/><\/a><\/div><\/div><\/div><\/div><noscript><img decoding=\"async\" src=\"https:\/\/from-the-fahr-side.ch\/wp-content\/uploads\/2019\/01\/kostbare-Beige.jpg\" alt=\"\" \/><img decoding=\"async\" src=\"https:\/\/from-the-fahr-side.ch\/wp-content\/uploads\/2019\/01\/bereit-f\u00fcr-die-Verarbeitung.jpg\" alt=\"\" \/><img decoding=\"async\" src=\"https:\/\/from-the-fahr-side.ch\/wp-content\/uploads\/2019\/01\/Korkzapfen.jpg\" alt=\"\" \/><\/noscript><\/div>\n\n\n\n<p>Wir haben die Jungfernfahrt durch Portugal mit unserem Gef\u00e4hrt sehr genossen und viele nette, hilfsbereite und fr\u00f6hliche Portugiesen kennengelernt. Obrigado!<\/p>\n\n\n\n<figure class=\"wp-block-image\"><img loading=\"lazy\" decoding=\"async\" width=\"768\" height=\"1024\" src=\"https:\/\/from-the-fahr-side.ch\/wp-content\/uploads\/2019\/01\/am-s\u00fcdwestlichsten-Punkt-Europas-768x1024.jpg\" alt=\"\" class=\"wp-image-396\" srcset=\"https:\/\/from-the-fahr-side.ch\/wp-content\/uploads\/2019\/01\/am-s\u00fcdwestlichsten-Punkt-Europas.jpg 768w, https:\/\/from-the-fahr-side.ch\/wp-content\/uploads\/2019\/01\/am-s\u00fcdwestlichsten-Punkt-Europas-225x300.jpg 225w\" sizes=\"auto, (max-width: 768px) 100vw, 768px\" \/><\/figure>\n\n\n\n<p><p><br><\/p><\/p>\n","protected":false},"excerpt":{"rendered":"<p>Wir reisen \u00fcber einen kleinen Grenzposten am Stausee da Bamposta nach Portugal ein und sichten zum ersten mal den &nbsp;sch\u00f6nen gr\u00fcn-blauen Douro, der sich durch&hellip;<\/p>\n<p><a class=\"more-link\" href=\"https:\/\/from-the-fahr-side.ch\/index.php\/2018\/12\/26\/portugal\/\">Read More<\/a><\/p>\n","protected":false},"author":1,"featured_media":0,"comment_status":"open","ping_status":"open","sticky":false,"template":"","format":"standard","meta":{"footnotes":""},"categories":[9,7],"tags":[],"class_list":["post-91","post","type-post","status-publish","format-standard","hentry","category-portugal","category-reisejournal"],"_links":{"self":[{"href":"https:\/\/from-the-fahr-side.ch\/index.php\/wp-json\/wp\/v2\/posts\/91","targetHints":{"allow":["GET"]}}],"collection":[{"href":"https:\/\/from-the-fahr-side.ch\/index.php\/wp-json\/wp\/v2\/posts"}],"about":[{"href":"https:\/\/from-the-fahr-side.ch\/index.php\/wp-json\/wp\/v2\/types\/post"}],"author":[{"embeddable":true,"href":"https:\/\/from-the-fahr-side.ch\/index.php\/wp-json\/wp\/v2\/users\/1"}],"replies":[{"embeddable":true,"href":"https:\/\/from-the-fahr-side.ch\/index.php\/wp-json\/wp\/v2\/comments?post=91"}],"version-history":[{"count":34,"href":"https:\/\/from-the-fahr-side.ch\/index.php\/wp-json\/wp\/v2\/posts\/91\/revisions"}],"predecessor-version":[{"id":495,"href":"https:\/\/from-the-fahr-side.ch\/index.php\/wp-json\/wp\/v2\/posts\/91\/revisions\/495"}],"wp:attachment":[{"href":"https:\/\/from-the-fahr-side.ch\/index.php\/wp-json\/wp\/v2\/media?parent=91"}],"wp:term":[{"taxonomy":"category","embeddable":true,"href":"https:\/\/from-the-fahr-side.ch\/index.php\/wp-json\/wp\/v2\/categories?post=91"},{"taxonomy":"post_tag","embeddable":true,"href":"https:\/\/from-the-fahr-side.ch\/index.php\/wp-json\/wp\/v2\/tags?post=91"}],"curies":[{"name":"wp","href":"https:\/\/api.w.org\/{rel}","templated":true}]}}